{"id":119118,"date":"2024-05-16T11:06:03","date_gmt":"2024-05-16T16:06:03","guid":{"rendered":"https:\/\/diariodigitalmx.com\/?p=119118"},"modified":"2024-05-16T11:07:22","modified_gmt":"2024-05-16T16:07:22","slug":"kia-mexico-celebra-su-family-fest","status":"publish","type":"post","link":"https:\/\/diariodigitalmx.com\/index.php\/2024\/05\/16\/kia-mexico-celebra-su-family-fest\/","title":{"rendered":"Kia M\u00e9xico celebra su \u201cFamily Fest\u201d"},"content":{"rendered":"\n<p><br>Con el objetivo de reforzar el n\u00facleo familiar entre sus empleados, el pasado s\u00e1bado 11 de Mayo Kia M\u00e9xico celebr\u00f3 su D\u00eda de la Familia conocido como Family Fest.<\/p>\n\n\n\n<p>La sede del evento fue la planta automotriz que tiene la marca en el Municipio de Pesquer\u00eda, Nuevo Le\u00f3n desde donde se exportan los veh\u00edculos a m\u00e1s de 40 pa\u00edses del Mundo. \u201cEn el Family Fest invitamos a la familia de nuestros colaboradores a pasar unas horas de diversi\u00f3n y entretenimiento. Este es una de las actividades anuales que disfrutan los empleados de Kia M\u00e9xico donde en familia pueden conocer su centro de trabajo combinado con regalos, sorpresas y actividades.\u201d, explica V\u00edctor Alem\u00e1n, gerente senior de Relaciones P\u00fablicas y Responsabilidad Social Corporativa de Kia M\u00e9xico.<\/p>\n\n\n\n<figure class=\"wp-block-image size-large\"><img loading=\"lazy\" decoding=\"async\" width=\"1024\" height=\"683\" src=\"https:\/\/diariodigitalmx.com\/wp-content\/uploads\/2024\/05\/FF5-1024x683.jpg\" alt=\"\" class=\"wp-image-119121\" srcset=\"https:\/\/diariodigitalmx.com\/wp-content\/uploads\/2024\/05\/FF5-1024x683.jpg 1024w, https:\/\/diariodigitalmx.com\/wp-content\/uploads\/2024\/05\/FF5-300x200.jpg 300w, https:\/\/diariodigitalmx.com\/wp-content\/uploads\/2024\/05\/FF5-768x512.jpg 768w, https:\/\/diariodigitalmx.com\/wp-content\/uploads\/2024\/05\/FF5-1536x1024.jpg 1536w, https:\/\/diariodigitalmx.com\/wp-content\/uploads\/2024\/05\/FF5-2048x1365.jpg 2048w\" sizes=\"(max-width: 1024px) 100vw, 1024px\" \/><\/figure>\n\n\n\n<p>Entre las amenidades que pudieron disfrutar las familias asistentes destaca un recorrido por el \u00e1rea de producci\u00f3n, actividades de entretenimiento con un concurso de talento art\u00edstico, retos de destreza en el \u201cKiathl\u00f3n\u201d y shows infantiles y musicales adem\u00e1s de rifas y premios.<\/p>\n\n\n\n<p>Adem\u00e1s, destac\u00f3 la exhibici\u00f3n de la gama completa de veh\u00edculos Kia incluyendo el modelo el\u00e9ctrico EV6. Kia M\u00e9xico arranc\u00f3 su producci\u00f3n en Nuevo Le\u00f3n en Mayo del 2016 y desde esa fecha ha contribuido a incrementar las exportaciones mexicanas alrededor del Mundo.<\/p>\n\n\n\n<figure class=\"wp-block-image size-full\"><img loading=\"lazy\" decoding=\"async\" width=\"984\" height=\"597\" src=\"https:\/\/diariodigitalmx.com\/wp-content\/uploads\/2024\/05\/FF1.jpg\" alt=\"\" class=\"wp-image-119123\" srcset=\"https:\/\/diariodigitalmx.com\/wp-content\/uploads\/2024\/05\/FF1.jpg 984w, https:\/\/diariodigitalmx.com\/wp-content\/uploads\/2024\/05\/FF1-300x182.jpg 300w, https:\/\/diariodigitalmx.com\/wp-content\/uploads\/2024\/05\/FF1-768x466.jpg 768w\" sizes=\"(max-width: 984px) 100vw, 984px\" \/><\/figure>\n\n\n\n<p>\u201cEste a\u00f1o esperamos alcanzar la marca de los 2 millones de unidades producidas en esta planta y estamos muy orgullosos del trabajo en equipo que han realizado nuestros colaboradores\u201d destac\u00f3 Germ\u00e1n Carrillo, Deputy Director de Producci\u00f3n.<\/p>\n\n\n\n<p>Tan solo en el proceso de producci\u00f3n de Kia M\u00e9xico laboran diariamente poco m\u00e1s de 2100 empleados y cerca de 12 mil personas si se consideran las diferentes compa\u00f1\u00edas que forman parte de la cadena de suministro de Kia<\/p>\n\n\n\n<p>M\u00e9xico. \u201cConstantemente estamos buscando a los mejores elementos para la producci\u00f3n de nuestros modelos e invitamos a quienes quieran formar parte de la familia Kia a visitar nuestro centro de reclutamiento o mandar sus datos a los contactos correspondientes\u201d. explica Marianela Calder\u00f3n, Deputy Director de la divisi\u00f3n Employee Experience.<\/p>\n\n\n\n<p>En el Family Fest de Kia M\u00e9xico se compartieron los Valores corporativos Kia que buscan fomentar el Valorar a las personas, Desafiar los l\u00edmites, Perseguir la excelencia, Avanzar juntos y Empoderar para actuar.<\/p>\n","protected":false},"excerpt":{"rendered":"<p>Con el objetivo de reforzar el n\u00facleo familiar entre sus empleados, el pasado s\u00e1bado 11 de Mayo Kia M\u00e9xico celebr\u00f3 su D\u00eda de la Familia conocido como Family Fest. La sede del evento fue la planta automotriz que tiene la marca en el Municipio de Pesquer\u00eda, Nuevo Le\u00f3n desde donde se exportan los veh\u00edculos a [&hellip;]<\/p>\n","protected":false},"author":1,"featured_media":119120,"comment_status":"open","ping_status":"open","sticky":true,"template":"","format":"standard","meta":{"footnotes":""},"categories":[14,10],"tags":[],"_links":{"self":[{"href":"https:\/\/diariodigitalmx.com\/index.php\/wp-json\/wp\/v2\/posts\/119118"}],"collection":[{"href":"https:\/\/diariodigitalmx.com\/index.php\/wp-json\/wp\/v2\/posts"}],"about":[{"href":"https:\/\/diariodigitalmx.com\/index.php\/wp-json\/wp\/v2\/types\/post"}],"author":[{"embeddable":true,"href":"https:\/\/diariodigitalmx.com\/index.php\/wp-json\/wp\/v2\/users\/1"}],"replies":[{"embeddable":true,"href":"https:\/\/diariodigitalmx.com\/index.php\/wp-json\/wp\/v2\/comments?post=119118"}],"version-history":[{"count":2,"href":"https:\/\/diariodigitalmx.com\/index.php\/wp-json\/wp\/v2\/posts\/119118\/revisions"}],"predecessor-version":[{"id":119124,"href":"https:\/\/diariodigitalmx.com\/index.php\/wp-json\/wp\/v2\/posts\/119118\/revisions\/119124"}],"wp:featuredmedia":[{"embeddable":true,"href":"https:\/\/diariodigitalmx.com\/index.php\/wp-json\/wp\/v2\/media\/119120"}],"wp:attachment":[{"href":"https:\/\/diariodigitalmx.com\/index.php\/wp-json\/wp\/v2\/media?parent=119118"}],"wp:term":[{"taxonomy":"category","embeddable":true,"href":"https:\/\/diariodigitalmx.com\/index.php\/wp-json\/wp\/v2\/categories?post=119118"},{"taxonomy":"post_tag","embeddable":true,"href":"https:\/\/diariodigitalmx.com\/index.php\/wp-json\/wp\/v2\/tags?post=119118"}],"curies":[{"name":"wp","href":"https:\/\/api.w.org\/{rel}","templated":true}]}}