{"id":119132,"date":"2024-05-16T18:36:53","date_gmt":"2024-05-16T23:36:53","guid":{"rendered":"https:\/\/diariodigitalmx.com\/?p=119132"},"modified":"2024-05-16T18:39:46","modified_gmt":"2024-05-16T23:39:46","slug":"las-mujeres-con-adrian","status":"publish","type":"post","link":"https:\/\/diariodigitalmx.com\/index.php\/2024\/05\/16\/las-mujeres-con-adrian\/","title":{"rendered":"Las mujeres con Adri\u00e1n"},"content":{"rendered":"\n<figure class=\"wp-block-image size-large\"><img loading=\"lazy\" decoding=\"async\" width=\"1024\" height=\"682\" src=\"https:\/\/diariodigitalmx.com\/wp-content\/uploads\/2024\/05\/IMG-20240516-WA0098-1024x682.jpg\" alt=\"\" class=\"wp-image-119136\" srcset=\"https:\/\/diariodigitalmx.com\/wp-content\/uploads\/2024\/05\/IMG-20240516-WA0098-1024x682.jpg 1024w, https:\/\/diariodigitalmx.com\/wp-content\/uploads\/2024\/05\/IMG-20240516-WA0098-300x200.jpg 300w, https:\/\/diariodigitalmx.com\/wp-content\/uploads\/2024\/05\/IMG-20240516-WA0098-768x512.jpg 768w, https:\/\/diariodigitalmx.com\/wp-content\/uploads\/2024\/05\/IMG-20240516-WA0098.jpg 1280w\" sizes=\"(max-width: 1024px) 100vw, 1024px\" \/><\/figure>\n\n\n\n<p>*<em>Apoyan regiomontanas al candidato a la alcald\u00eda de Monterrey y reciben con benepl\u00e1cito sus propuestas en favor de este sector de la poblaci\u00f3n<\/em><\/p>\n\n\n\n<p>Las regiomontanas tendr\u00e1n seguridad y bienestar gracias al plan \u201cMujer Regia\u201d que present\u00f3 este jueves el candidato a la alcald\u00eda de Monterrey, Adri\u00e1n de la Garza Santos.<\/p>\n\n\n\n<p>En compa\u00f1\u00eda de su esposa, Gaby Oyervides, de las candidatas de distintos puestos por los partidos PRI, PAN y PRD, e invitadas en general, el aspirante present\u00f3 su proyecto basado en dos ejes para proteger a las mujeres de la violencia familiar o de g\u00e9nero y para brindarles oportunidades de desarrollo.<\/p>\n\n\n\n<figure class=\"wp-block-image size-large\"><img loading=\"lazy\" decoding=\"async\" width=\"1024\" height=\"682\" src=\"https:\/\/diariodigitalmx.com\/wp-content\/uploads\/2024\/05\/IMG-20240516-WA0103-1024x682.jpg\" alt=\"\" class=\"wp-image-119138\" srcset=\"https:\/\/diariodigitalmx.com\/wp-content\/uploads\/2024\/05\/IMG-20240516-WA0103-1024x682.jpg 1024w, https:\/\/diariodigitalmx.com\/wp-content\/uploads\/2024\/05\/IMG-20240516-WA0103-300x200.jpg 300w, https:\/\/diariodigitalmx.com\/wp-content\/uploads\/2024\/05\/IMG-20240516-WA0103-768x512.jpg 768w, https:\/\/diariodigitalmx.com\/wp-content\/uploads\/2024\/05\/IMG-20240516-WA0103.jpg 1280w\" sizes=\"(max-width: 1024px) 100vw, 1024px\" \/><\/figure>\n\n\n\n<p>De la Garza explic\u00f3 que para lograr que esta capital vuelva a ser l\u00edder nacional, se debe reconocer el papel fundamental de las mujeres en todos los \u00e1mbitos y espacios de la sociedad.<\/p>\n\n\n\n<p>\u201cEl objetivo es construir una red de apoyo transversal para las mujeres regias y que tengan un entorno seguro y un sistema de bienestar, por eso el d\u00eda de hoy presento esta propuesta.<\/p>\n\n\n\n<p>\u201cEn mi gobierno, habr\u00e1 una especial atenci\u00f3n, en cualquier oficina tendr\u00e1n un protocolo establecido para poder atender de manera preferencial a la mujer y tambi\u00e9n ponerle atenci\u00f3n a la alerta de violencia de g\u00e9nero que est\u00e1 en todo el estado y que hasta ahorita no se ha hecho un trabajo para poder disminuir esta alerta\u201d, explic\u00f3.<\/p>\n\n\n\n<p>EJE 1 SEGURIDAD<\/p>\n\n\n\n<p>El abanderado de la alianza \u201cFuerza y coraz\u00f3n por Nuevo Le\u00f3n\u201d mencion\u00f3 que se crear\u00e1 un expediente \u00fanico para acceso f\u00e1cil y r\u00e1pido a cualquier programa municipal para mujeres v\u00edctimas de violencia.<\/p>\n\n\n\n<p>Tambi\u00e9n se dar\u00e1 especial seguimiento a la alerta de violencia de g\u00e9nero declarada para esta ciudad.<\/p>\n\n\n\n<figure class=\"wp-block-image size-large\"><img loading=\"lazy\" decoding=\"async\" width=\"682\" height=\"1024\" src=\"https:\/\/diariodigitalmx.com\/wp-content\/uploads\/2024\/05\/IMG-20240516-WA0100-682x1024.jpg\" alt=\"\" class=\"wp-image-119140\" srcset=\"https:\/\/diariodigitalmx.com\/wp-content\/uploads\/2024\/05\/IMG-20240516-WA0100-682x1024.jpg 682w, https:\/\/diariodigitalmx.com\/wp-content\/uploads\/2024\/05\/IMG-20240516-WA0100-200x300.jpg 200w, https:\/\/diariodigitalmx.com\/wp-content\/uploads\/2024\/05\/IMG-20240516-WA0100-768x1152.jpg 768w, https:\/\/diariodigitalmx.com\/wp-content\/uploads\/2024\/05\/IMG-20240516-WA0100.jpg 853w\" sizes=\"(max-width: 682px) 100vw, 682px\" \/><\/figure>\n\n\n\n<p>Dijo que establecer\u00e1 los \u201cPuntos Violeta\u201d en distintas \u00e1reas a trav\u00e9s de los cuales, se dar\u00e1 auxilio inmediato, ya sea en las oficinas municipales y comercios a mujeres v\u00edctimas de violencia.<\/p>\n\n\n\n<p>Para lograrlo, se crear\u00e1 un protocolo para su vinculaci\u00f3n a las Unidades de Atenci\u00f3n a V\u00edctimas de Violencia Familiar y de G\u00e9nero (UAVVI)<\/p>\n\n\n\n<p>Dentro del plan tambi\u00e9n se incluye fortalecer las UAVVI y garantiza atenci\u00f3n las 24 horas diarias para que sea una albergue temporal o de tr\u00e1nsito.<\/p>\n\n\n\n<p>En estas unidades se brindar\u00e1 apoyo de la polic\u00eda, jur\u00eddico, psicol\u00f3gico y de trabajo social.<br>Para quienes ya han reportado sentirse en riesgo, se les dar\u00e1 vigilancia especial, aunque no exista denuncia y se contar\u00e1 con una Unidad de seguimiento a \u00d3rdenes de Protecci\u00f3n.<\/p>\n\n\n\n<p>Las mujeres maltratadas podr\u00e1n vincularse a otros programas municipales para alcanzar una vida plena y libre de violencia.<br>Finalmente, en este rubro se ubica el \u201cSendero Seguro\u201d que implica identificar las zonas de riesgo para mujeres, crear puntos de monitoreo con c\u00e1maras conectadas al nuevo C5 y reparaci\u00f3n de luminarias.<\/p>\n\n\n\n<p>EJE 2 BIENESTAR<\/p>\n\n\n\n<p>\u201cEstoy comprometido con todas las mujeres a volver a implementar el programa de Tarjeta Regia porque s\u00e9 que les fue muy bien, s\u00e9 que las mujeres se fortalecieron y se hicieron m\u00e1s independientes\u201d, manifest\u00f3.<\/p>\n\n\n\n<p>Ahora se denominar\u00e1 Tarjeta Regia Plus porque incluye m\u00e1s apoyo econ\u00f3mico, de dos mil pesos bimestrales y abarcar\u00e1 al doble de beneficiadas para llegar a 80 mil.<\/p>\n\n\n\n<p>\u201cEstoy decidido a seguir fortaleciendo a la mujer regiomontana porque es la que ha hecho fuerte a la ciudad\u201d, reconoci\u00f3.<\/p>\n\n\n\n<p>Este apoyo cuenta con talleres de autoempleo con acceso a microcr\u00e9ditos para emprender, salud preventiva y detecci\u00f3n de riesgos de violencia<\/p>\n\n\n\n<p>Para las madres trabajadoras o las que requieran el cuidado seguro y profesional de sus hijos crear\u00e1 estancias infantiles.<\/p>\n\n\n\n<p>En cuanto al tema de salud, se enfocar\u00e1 en la prevenci\u00f3n de enfermedades cr\u00f3nico degenerativas como diabetes e hipertensi\u00f3n, c\u00e1ncer de mama y cervicouterino en distintas colonias de la ciudad.<\/p>\n\n\n\n<p>Tambi\u00e9n se abarcar\u00e1 la detecci\u00f3n de problemas de salud mental y se har\u00e1n convenios con centros especializados para tratar estos casos.<\/p>\n\n\n\n<p>Adri\u00e1n de la Garza mencion\u00f3 que estar\u00e1 en contacto con organizaciones civiles para seguir enriqueciendo su propuesta para el fortalecimiento de la mujer.<\/p>\n\n\n\n<p>Ofreci\u00f3 gobernar con perspectiva de g\u00e9nero para garantizar la atenci\u00f3n transversal de todas mujeres y dotar de presupuesto suficiente a los programas para la protecci\u00f3n y bienestar de este sector social.<\/p>\n\n\n\n<p>Adelant\u00f3 que para las ind\u00edgenas habr\u00e1 acciones particulares con empat\u00eda para permitirles trabajar y brindarles atenci\u00f3n digna en espacios municipales.<\/p>\n","protected":false},"excerpt":{"rendered":"<p>*Apoyan regiomontanas al candidato a la alcald\u00eda de Monterrey y reciben con benepl\u00e1cito sus propuestas en favor de este sector de la poblaci\u00f3n Las regiomontanas tendr\u00e1n seguridad y bienestar gracias al plan \u201cMujer Regia\u201d que present\u00f3 este jueves el candidato a la alcald\u00eda de Monterrey, Adri\u00e1n de la Garza Santos. En compa\u00f1\u00eda de su esposa, [&hellip;]<\/p>\n","protected":false},"author":1,"featured_media":119134,"comment_status":"open","ping_status":"open","sticky":true,"template":"","format":"standard","meta":{"footnotes":""},"categories":[14,6],"tags":[],"_links":{"self":[{"href":"https:\/\/diariodigitalmx.com\/index.php\/wp-json\/wp\/v2\/posts\/119132"}],"collection":[{"href":"https:\/\/diariodigitalmx.com\/index.php\/wp-json\/wp\/v2\/posts"}],"about":[{"href":"https:\/\/diariodigitalmx.com\/index.php\/wp-json\/wp\/v2\/types\/post"}],"author":[{"embeddable":true,"href":"https:\/\/diariodigitalmx.com\/index.php\/wp-json\/wp\/v2\/users\/1"}],"replies":[{"embeddable":true,"href":"https:\/\/diariodigitalmx.com\/index.php\/wp-json\/wp\/v2\/comments?post=119132"}],"version-history":[{"count":4,"href":"https:\/\/diariodigitalmx.com\/index.php\/wp-json\/wp\/v2\/posts\/119132\/revisions"}],"predecessor-version":[{"id":119141,"href":"https:\/\/diariodigitalmx.com\/index.php\/wp-json\/wp\/v2\/posts\/119132\/revisions\/119141"}],"wp:featuredmedia":[{"embeddable":true,"href":"https:\/\/diariodigitalmx.com\/index.php\/wp-json\/wp\/v2\/media\/119134"}],"wp:attachment":[{"href":"https:\/\/diariodigitalmx.com\/index.php\/wp-json\/wp\/v2\/media?parent=119132"}],"wp:term":[{"taxonomy":"category","embeddable":true,"href":"https:\/\/diariodigitalmx.com\/index.php\/wp-json\/wp\/v2\/categories?post=119132"},{"taxonomy":"post_tag","embeddable":true,"href":"https:\/\/diariodigitalmx.com\/index.php\/wp-json\/wp\/v2\/tags?post=119132"}],"curies":[{"name":"wp","href":"https:\/\/api.w.org\/{rel}","templated":true}]}}