{"id":119155,"date":"2024-05-16T23:35:38","date_gmt":"2024-05-17T04:35:38","guid":{"rendered":"https:\/\/diariodigitalmx.com\/?p=119155"},"modified":"2024-05-16T23:38:07","modified_gmt":"2024-05-17T04:38:07","slug":"perla-serna-interlocutora-del-distrito-16-en-apodaca","status":"publish","type":"post","link":"https:\/\/diariodigitalmx.com\/index.php\/2024\/05\/16\/perla-serna-interlocutora-del-distrito-16-en-apodaca\/","title":{"rendered":"Perla Serna interlocutora del Distrito 16 en Apodaca"},"content":{"rendered":"\n<figure class=\"wp-block-image size-large\"><img loading=\"lazy\" decoding=\"async\" width=\"1024\" height=\"771\" src=\"https:\/\/diariodigitalmx.com\/wp-content\/uploads\/2024\/05\/441286528_122127820358255719_7593342791202031598_n-1024x771.jpg\" alt=\"\" class=\"wp-image-119159\" srcset=\"https:\/\/diariodigitalmx.com\/wp-content\/uploads\/2024\/05\/441286528_122127820358255719_7593342791202031598_n-1024x771.jpg 1024w, https:\/\/diariodigitalmx.com\/wp-content\/uploads\/2024\/05\/441286528_122127820358255719_7593342791202031598_n-300x226.jpg 300w, https:\/\/diariodigitalmx.com\/wp-content\/uploads\/2024\/05\/441286528_122127820358255719_7593342791202031598_n-768x578.jpg 768w, https:\/\/diariodigitalmx.com\/wp-content\/uploads\/2024\/05\/441286528_122127820358255719_7593342791202031598_n-1536x1156.jpg 1536w, https:\/\/diariodigitalmx.com\/wp-content\/uploads\/2024\/05\/441286528_122127820358255719_7593342791202031598_n.jpg 1600w\" sizes=\"(max-width: 1024px) 100vw, 1024px\" \/><\/figure>\n\n\n\n<p>Cronista Pedro Garc\u00eda <\/p>\n\n\n\n<p>Se intensifica la campa\u00f1a de Perla Serna para diputada local por el Distrito 16 y, al d\u00eda de la elecci\u00f3n, llegar\u00e1 con una agenda abultada de peticiones de las vecinas y vecinos del sector, muestra de la confianza que la joven aspirante ha despertado entre la noble poblaci\u00f3n de Apodaca. Perla es candidata del PT \u2013que es la 4T-.<\/p>\n\n\n\n<p>Perla Serna est\u00e1 convertida en una interlocutora, una gran escucha, de los anhelos de mujeres, hombres, j\u00f3venes y hasta menores que, de s\u00fabito, entran a los di\u00e1logos solicitando canchas deportivas y seguridad en esos espacios con la colocaci\u00f3n de mallas cicl\u00f3nicas.<\/p>\n\n\n\n<figure class=\"wp-block-image size-large\"><img loading=\"lazy\" decoding=\"async\" width=\"1024\" height=\"771\" src=\"https:\/\/diariodigitalmx.com\/wp-content\/uploads\/2024\/05\/443837458_122127818894255719_7354473236308429624_n-1024x771.jpg\" alt=\"\" class=\"wp-image-119161\" srcset=\"https:\/\/diariodigitalmx.com\/wp-content\/uploads\/2024\/05\/443837458_122127818894255719_7354473236308429624_n-1024x771.jpg 1024w, https:\/\/diariodigitalmx.com\/wp-content\/uploads\/2024\/05\/443837458_122127818894255719_7354473236308429624_n-300x226.jpg 300w, https:\/\/diariodigitalmx.com\/wp-content\/uploads\/2024\/05\/443837458_122127818894255719_7354473236308429624_n-768x578.jpg 768w, https:\/\/diariodigitalmx.com\/wp-content\/uploads\/2024\/05\/443837458_122127818894255719_7354473236308429624_n-1536x1156.jpg 1536w, https:\/\/diariodigitalmx.com\/wp-content\/uploads\/2024\/05\/443837458_122127818894255719_7354473236308429624_n.jpg 1600w\" sizes=\"(max-width: 1024px) 100vw, 1024px\" \/><\/figure>\n\n\n\n<p>Le ha imprimido una nueva din\u00e1mica a su campa\u00f1a con caminatas nocturnas en las colonias del Distrito 16 donde j\u00f3venes madres de familia, madres solteras, claman apoyos sociales y jur\u00eddicos.<\/p>\n\n\n\n<p>Hay casos de separaci\u00f3n conyugal donde las mujeres padecen, con impotencia, con amargura, la injusticia de que los exmaridos no son obligados a cubrir la pensi\u00f3n alimenticia. Hay mujeres que est\u00e1n yendo al extremo de llevar sus casos al \u00e1mbito penal.<\/p>\n\n\n\n<figure class=\"wp-block-image size-large\"><img loading=\"lazy\" decoding=\"async\" width=\"1024\" height=\"771\" src=\"https:\/\/diariodigitalmx.com\/wp-content\/uploads\/2024\/05\/443842083_122127820262255719_552449305766404084_n-1024x771.jpg\" alt=\"\" class=\"wp-image-119162\" srcset=\"https:\/\/diariodigitalmx.com\/wp-content\/uploads\/2024\/05\/443842083_122127820262255719_552449305766404084_n-1024x771.jpg 1024w, https:\/\/diariodigitalmx.com\/wp-content\/uploads\/2024\/05\/443842083_122127820262255719_552449305766404084_n-300x226.jpg 300w, https:\/\/diariodigitalmx.com\/wp-content\/uploads\/2024\/05\/443842083_122127820262255719_552449305766404084_n-768x578.jpg 768w, https:\/\/diariodigitalmx.com\/wp-content\/uploads\/2024\/05\/443842083_122127820262255719_552449305766404084_n-1536x1156.jpg 1536w, https:\/\/diariodigitalmx.com\/wp-content\/uploads\/2024\/05\/443842083_122127820262255719_552449305766404084_n.jpg 1600w\" sizes=\"(max-width: 1024px) 100vw, 1024px\" \/><\/figure>\n\n\n\n<p>Por otro lado, hay adultos mayores que revelan la insensibilidad municipal de no aceptar convenios de pago en casos de morosidad en el Predial. \u201cQuieren todo, de golpe y no puedo hacerlo\u201d, dice un venerable vecino que est\u00e1 dispuesto a pagar a plazos mediante su Pensi\u00f3n Bienestar. Y nada\u2026<\/p>\n\n\n\n<p>Otra mujer, tambi\u00e9n adulta, que tiene a su marido casi inv\u00e1lido, expone el abuso de Agua y Drenaje que la tiene casi sin l\u00edquido, apenas un hilito que llena una cubeta a lo largo del d\u00eda.<\/p>\n\n\n\n<figure class=\"wp-block-image size-large\"><img loading=\"lazy\" decoding=\"async\" width=\"771\" height=\"1024\" src=\"https:\/\/diariodigitalmx.com\/wp-content\/uploads\/2024\/05\/443840919_122127820322255719_2609600989837636843_n-771x1024.jpg\" alt=\"\" class=\"wp-image-119164\" srcset=\"https:\/\/diariodigitalmx.com\/wp-content\/uploads\/2024\/05\/443840919_122127820322255719_2609600989837636843_n-771x1024.jpg 771w, https:\/\/diariodigitalmx.com\/wp-content\/uploads\/2024\/05\/443840919_122127820322255719_2609600989837636843_n-226x300.jpg 226w, https:\/\/diariodigitalmx.com\/wp-content\/uploads\/2024\/05\/443840919_122127820322255719_2609600989837636843_n-768x1021.jpg 768w, https:\/\/diariodigitalmx.com\/wp-content\/uploads\/2024\/05\/443840919_122127820322255719_2609600989837636843_n-1156x1536.jpg 1156w, https:\/\/diariodigitalmx.com\/wp-content\/uploads\/2024\/05\/443840919_122127820322255719_2609600989837636843_n.jpg 1204w\" sizes=\"(max-width: 771px) 100vw, 771px\" \/><\/figure>\n\n\n\n<p>Una mujer y su hija quedaron endeudadas con un pr\u00e9stamo, pues, se recurri\u00f3 a ese extremo para cubrir los gastos del funeral por el fallecimiento del jefe de familia y los pocos ingresos no alcanzan para abonar.<\/p>\n\n\n\n<p>Los dramas se multiplican, indicativo que en el sistema de gobierno no hay programas de verdadero acercamiento social que meta el hombro para aliviar a tantas familias y ayudarlas a salir de la angustia en que sobreviven.<\/p>\n","protected":false},"excerpt":{"rendered":"<p>Cronista Pedro Garc\u00eda Se intensifica la campa\u00f1a de Perla Serna para diputada local por el Distrito 16 y, al d\u00eda de la elecci\u00f3n, llegar\u00e1 con una agenda abultada de peticiones de las vecinas y vecinos del sector, muestra de la confianza que la joven aspirante ha despertado entre la noble poblaci\u00f3n de Apodaca. Perla es [&hellip;]<\/p>\n","protected":false},"author":1,"featured_media":119157,"comment_status":"open","ping_status":"open","sticky":true,"template":"","format":"standard","meta":{"footnotes":""},"categories":[6,5],"tags":[],"_links":{"self":[{"href":"https:\/\/diariodigitalmx.com\/index.php\/wp-json\/wp\/v2\/posts\/119155"}],"collection":[{"href":"https:\/\/diariodigitalmx.com\/index.php\/wp-json\/wp\/v2\/posts"}],"about":[{"href":"https:\/\/diariodigitalmx.com\/index.php\/wp-json\/wp\/v2\/types\/post"}],"author":[{"embeddable":true,"href":"https:\/\/diariodigitalmx.com\/index.php\/wp-json\/wp\/v2\/users\/1"}],"replies":[{"embeddable":true,"href":"https:\/\/diariodigitalmx.com\/index.php\/wp-json\/wp\/v2\/comments?post=119155"}],"version-history":[{"count":3,"href":"https:\/\/diariodigitalmx.com\/index.php\/wp-json\/wp\/v2\/posts\/119155\/revisions"}],"predecessor-version":[{"id":119165,"href":"https:\/\/diariodigitalmx.com\/index.php\/wp-json\/wp\/v2\/posts\/119155\/revisions\/119165"}],"wp:featuredmedia":[{"embeddable":true,"href":"https:\/\/diariodigitalmx.com\/index.php\/wp-json\/wp\/v2\/media\/119157"}],"wp:attachment":[{"href":"https:\/\/diariodigitalmx.com\/index.php\/wp-json\/wp\/v2\/media?parent=119155"}],"wp:term":[{"taxonomy":"category","embeddable":true,"href":"https:\/\/diariodigitalmx.com\/index.php\/wp-json\/wp\/v2\/categories?post=119155"},{"taxonomy":"post_tag","embeddable":true,"href":"https:\/\/diariodigitalmx.com\/index.php\/wp-json\/wp\/v2\/tags?post=119155"}],"curies":[{"name":"wp","href":"https:\/\/api.w.org\/{rel}","templated":true}]}}