{"id":119172,"date":"2024-05-17T00:29:46","date_gmt":"2024-05-17T05:29:46","guid":{"rendered":"https:\/\/diariodigitalmx.com\/?p=119172"},"modified":"2024-05-17T00:31:09","modified_gmt":"2024-05-17T05:31:09","slug":"con-maribel-villalon-a-las-personas-adultas-mayores-les-ira-mejor","status":"publish","type":"post","link":"https:\/\/diariodigitalmx.com\/index.php\/2024\/05\/17\/con-maribel-villalon-a-las-personas-adultas-mayores-les-ira-mejor\/","title":{"rendered":"Con Maribel Villal\u00f3n a las personas adultas mayores les ir\u00e1 mejor"},"content":{"rendered":"\n<figure class=\"wp-block-image size-full\"><img loading=\"lazy\" decoding=\"async\" width=\"512\" height=\"341\" src=\"https:\/\/diariodigitalmx.com\/wp-content\/uploads\/2024\/05\/IMG-20240516-WA0136.jpg\" alt=\"\" class=\"wp-image-119175\" srcset=\"https:\/\/diariodigitalmx.com\/wp-content\/uploads\/2024\/05\/IMG-20240516-WA0136.jpg 512w, https:\/\/diariodigitalmx.com\/wp-content\/uploads\/2024\/05\/IMG-20240516-WA0136-300x200.jpg 300w\" sizes=\"(max-width: 512px) 100vw, 512px\" \/><\/figure>\n\n\n\n<p>Santiago, NL.- A las mujeres y a las personas adultas mayores nos ir\u00e1 mejor con Morena y con Maribel Villal\u00f3n en la presidencia municipal, reconocieron residentes de la colonia Antonio Villal\u00f3n de este municipio.<\/p>\n\n\n\n<p>Durante un encuentro con mujeres y adultos mayores de dicha colonia, la candidata de Morena a la alcald\u00eda de Santiago, Maribel Villal\u00f3n Gonz\u00e1lez, acompa\u00f1ada de la candidata a diputada local por el distrito 24, Brenda Mena, inst\u00f3 a los presentes a votar por todas las candidaturas de Morena\u201d el pr\u00f3ximo 2 de junio, porque \u201ceste movimiento representa valores como la justicia social, la transparencia y la prosperidad compartida\u201d.<\/p>\n\n\n\n<figure class=\"wp-block-image size-full\"><img loading=\"lazy\" decoding=\"async\" width=\"512\" height=\"341\" src=\"https:\/\/diariodigitalmx.com\/wp-content\/uploads\/2024\/05\/IMG-20240516-WA0133.jpg\" alt=\"\" class=\"wp-image-119177\" srcset=\"https:\/\/diariodigitalmx.com\/wp-content\/uploads\/2024\/05\/IMG-20240516-WA0133.jpg 512w, https:\/\/diariodigitalmx.com\/wp-content\/uploads\/2024\/05\/IMG-20240516-WA0133-300x200.jpg 300w\" sizes=\"(max-width: 512px) 100vw, 512px\" \/><\/figure>\n\n\n\n<p>Acompa\u00f1ada tambi\u00e9n por su planilla y equipo de campa\u00f1a, Maribel Villal\u00f3n hizo un llamado a votar por la candidata presidencial de \u201cSigamos haciendo historia\u201d Claudia Sheinbaum, para lograr el segundo piso de la cuarta transformaci\u00f3n en el pa\u00eds, en el que se incluye un apoyo bimestral para mujeres de 60 a 64 a\u00f1os, equivalente a la mitad de la pensi\u00f3n otorgada a quienes tienen 65 a\u00f1os o m\u00e1s, como reconocimiento por su labor de cuidado a la familia.<\/p>\n\n\n\n<p>\u201cVotaremos por ti Maribel y todo Morena, porque este movimiento ha contribuido a reducir los niveles de pobreza y desigualdad entre las personas adultas mayores, ha defendido el ingreso para cubrir sus necesidades b\u00e1sicas como alimentaci\u00f3n, medicamentos y servicios de salud\u201d.<\/p>\n\n\n\n<p>\u201cTe conocemos Maribel y estamos convencidas que velar\u00e1s por el bienestar y la dignidad de las personas adultas mayores\u201d, afirmaron.<\/p>\n","protected":false},"excerpt":{"rendered":"<p>Santiago, NL.- A las mujeres y a las personas adultas mayores nos ir\u00e1 mejor con Morena y con Maribel Villal\u00f3n en la presidencia municipal, reconocieron residentes de la colonia Antonio Villal\u00f3n de este municipio. Durante un encuentro con mujeres y adultos mayores de dicha colonia, la candidata de Morena a la alcald\u00eda de Santiago, Maribel [&hellip;]<\/p>\n","protected":false},"author":1,"featured_media":119174,"comment_status":"open","ping_status":"open","sticky":true,"template":"","format":"standard","meta":{"footnotes":""},"categories":[14,6],"tags":[],"_links":{"self":[{"href":"https:\/\/diariodigitalmx.com\/index.php\/wp-json\/wp\/v2\/posts\/119172"}],"collection":[{"href":"https:\/\/diariodigitalmx.com\/index.php\/wp-json\/wp\/v2\/posts"}],"about":[{"href":"https:\/\/diariodigitalmx.com\/index.php\/wp-json\/wp\/v2\/types\/post"}],"author":[{"embeddable":true,"href":"https:\/\/diariodigitalmx.com\/index.php\/wp-json\/wp\/v2\/users\/1"}],"replies":[{"embeddable":true,"href":"https:\/\/diariodigitalmx.com\/index.php\/wp-json\/wp\/v2\/comments?post=119172"}],"version-history":[{"count":3,"href":"https:\/\/diariodigitalmx.com\/index.php\/wp-json\/wp\/v2\/posts\/119172\/revisions"}],"predecessor-version":[{"id":119178,"href":"https:\/\/diariodigitalmx.com\/index.php\/wp-json\/wp\/v2\/posts\/119172\/revisions\/119178"}],"wp:featuredmedia":[{"embeddable":true,"href":"https:\/\/diariodigitalmx.com\/index.php\/wp-json\/wp\/v2\/media\/119174"}],"wp:attachment":[{"href":"https:\/\/diariodigitalmx.com\/index.php\/wp-json\/wp\/v2\/media?parent=119172"}],"wp:term":[{"taxonomy":"category","embeddable":true,"href":"https:\/\/diariodigitalmx.com\/index.php\/wp-json\/wp\/v2\/categories?post=119172"},{"taxonomy":"post_tag","embeddable":true,"href":"https:\/\/diariodigitalmx.com\/index.php\/wp-json\/wp\/v2\/tags?post=119172"}],"curies":[{"name":"wp","href":"https:\/\/api.w.org\/{rel}","templated":true}]}}