{"id":119193,"date":"2024-05-17T19:13:32","date_gmt":"2024-05-18T00:13:32","guid":{"rendered":"https:\/\/diariodigitalmx.com\/?p=119193"},"modified":"2024-05-17T19:14:27","modified_gmt":"2024-05-18T00:14:27","slug":"pendulo-politico-2","status":"publish","type":"post","link":"https:\/\/diariodigitalmx.com\/index.php\/2024\/05\/17\/pendulo-politico-2\/","title":{"rendered":"P\u00e9ndulo pol\u00edtico"},"content":{"rendered":"\n<p>Emiliano Carrillo Carrasco<br>Vota este 2 de Junio por Una nueva Esperanza de los Ciudadanos.<br>\u201cUn poder sin derecho es un poder tir\u00e1nico de p\u00e9rfidos o un poder arbitrario autocr\u00e1tico\u201d Bobbio.<br>La realidad de los mexicanos es ser gobernados por los kakistocracia de la pol\u00edtica de c\u00edrculo de poder y sectas de grupos. Solo hay dos opciones a la presidencia de la Republica: fuerza y coraz\u00f3n con X\u00f3chitl G\u00e1lvez en la Bandera de salvar nuestra Democracia Imperfecta o con Claudia SHEINBAUM a la continuidad del partido en el gobierno Morena, pt y PVEM a la polarizaci\u00f3n a l\u00edneas de centralismo, desaparecer las instituciones o sea un jefe pol\u00edtico autocr\u00e1tico de poder centralizador e eliminar las garant\u00edas emanadas de la constituci\u00f3n.<br>Y la formalizaci\u00f3n de la democracia corrupta e institucionalizada, cada vez se pierde la soberan\u00eda del Estado por intereses de poder econ\u00f3mico y pol\u00edtico. \u00a1Todo est\u00e1 en el estado de animo de la poblaci\u00f3n liquidad 2024! Los recursos p\u00fablicos a la discrecionalidad y la validaci\u00f3n del congreso a la disposici\u00f3n del ejecutivo. La pol\u00edtica en su importancia se encuentra totalmente en el an\u00e1lisis de las pol\u00edticas econ\u00f3mica y social en el Estado democr\u00e1tico de bienestar.<br>La deuda p\u00fablica de m\u00e1s de 60 mil millones de pesos en estado de aclaraci\u00f3n, en su etapa del GEM, se aprob\u00f3 Alfredo del mazo (202 la deuda por Mil 900 millones de pesos. Todo gobierno establece sus pol\u00edticas p\u00fablicas con base a los recursos p\u00fablicos. Desde las reglas desde que se\u00f1ala la SHCP y el convenio de coordinaci\u00f3n fiscal del Edomex. El ramo 23 del Edomex es la caja negra hoy PAD\/INVERSI\u00d3N P\u00daBLICA. EL MUNICIPIO LIBRE inmerso a la f\u00f3rmula de coacci\u00f3n y discrecionalidad.<br>El instrumento balanza el del \u00d3rgano Superior de Fiscalizaci\u00f3n de la entidad en acciones de simulaci\u00f3n y a su operatividad org\u00e1nica en el laberinto de poder y acuerdos de las comisiones de las Bancadas de los partidos en el congreso, el PRI tiene 24 diputados, el PAN solo 11 y Morena 29 diputados. Los bloques de 75 diputados solicitaron permiso 37 a la b\u00fasqueda de un espacio pol\u00edtico en el 2024 y a la reelecci\u00f3n. La l\u00ednea de acomodo en las listas plurinominales de 30 para sus ejes de poder y protecci\u00f3n. Muchos continuaran a la l\u00ednea del dedazo y sumisi\u00f3n con el poder ejecutivo y otros har\u00e1n su quehacer legislativo con rostro Humano hacia la ciudadan\u00eda en poder otorgarles los medios a trav\u00e9s de los gobiernos municipales recursos. Rolan Riegan &#8221; Nosotros, los ciudadanos cambiamos a hora su rol de los partidos ciudadanos con el voto o de castigo a estos p\u00e9rfidos de poder a nombre de la Democracia\u201d.<br>El IEEM, INE SON los \u00e1rbitros electorales en supervisar, fiscalizar y el cumplimiento de los estatutos de los partidos y las convocatorias, que sean licitas y legales para los derechos pol\u00edticos electorales de los ciudadanos y si no es, as\u00ed sancionar al partido que trasgreda la ley electoral 2024. Los convenios de coalici\u00f3n de Morena, PT y PVEM en 80 municipios de coalici\u00f3n, candidaturas comunes 9 y 45 separados por ejemplo .Valle de Chalco y Ecatepec entre otros de acuerdo a los acuerdos territoriales de grupos de poder.<br>El poder ejecutivo en despreciar nuestra constituci\u00f3n mexicana (1917) y su aniversario como instrumento democr\u00e1tico, liberal y federalista: La ausencia de L\u00f3pez Obrador en Quer\u00e9taro no s\u00f3lo rompe una tradici\u00f3n respetada y respetable. El desprecio a la m\u00e1xima ley y soez atentado contra la Rep\u00fablica y sus instituciones. EL poder ejecutivo que representa la 4T no quiere la Constituci\u00f3n: quiere su Constituci\u00f3n; una norma hecha por \u00e9l y para \u00e9l, la solemnidad de los dem\u00e1s poderes legislativo a la orden y sumisi\u00f3n al poder ejecutivo y judicial. El ciudadano se rig\u00fce por nuestra constituci\u00f3n emana y realizada por hombres en el 1916 por el congreso constituyente, que emanaron sentimientos de todas las regiones del pa\u00eds. Y su aprobaci\u00f3n el 5 de febrero de 1917 por Venustiano Carranza.<br>La vida republicana y democr\u00e1tica de la naci\u00f3n. M\u00e9xico se ha mantenido desde hace casi un siglo en la institucionalidad. La actitud soberbia, absolutista, autocr\u00e1tico, fascistoide, asumida hoy por el caudillo de Morena implica el abandono de esa v\u00eda y la voluntad de imponer en su lugar un r\u00e9gimen autoritario, populista, aut\u00e1rquico, fincado en la propaganda y en el control de las masas a trav\u00e9s de las d\u00e1divas y de las fuerzas armadas como defensoras no ya de la patria, sino de sus intereses y del hombre que siente que en \u00e9l encarna la nacionalidad. Los notables pr\u00f3ceres de nuestra historia: Hidalgo, Ju\u00e1rez y Madero. Las reformas a la Constituci\u00f3n que este nefasto d\u00eda anunciar\u00e1 el prepotente ocupante del Palacio Nacional son una serie de medidas tendientes a debilitar las instituciones y a fortalecer el dominio personal de quien en hora mala lleg\u00f3 a la Presidencia de nuestro pa\u00eds, al que tanto da\u00f1o ha hecho en todos los renglones de la salud; el de la seguridad; el de la educaci\u00f3n; del civilismo; de la econom\u00eda: de la inversi\u00f3n y el empleo; de la unidad nacional(polarizaci\u00f3n social entre mexicanos ) ; del prestigio en el extranjero: de la continuidad de las instituciones aut\u00f3nomas; del mantenimiento de la divisi\u00f3n de poderes; de la tolerancia a la cr\u00edtica, a la disidencia; del respeto al orden jur\u00eddico, a la ley.<br>Nuestra revoluci\u00f3n y pacificaci\u00f3n fue un costo de m\u00e1s de 1 mill\u00f3n de muertos, con la situaci\u00f3n de pobreza, hambre, el 80 % no sab\u00eda leer ni escribir.<br>Todo pareciera en el siglo XXI, con estas carencias de desigualdad y la perdida de la calidad de vida y de bienestar. Nuestro pa\u00eds inmerso a la violencia y la inseguridad, la pandemia producto de la omisi\u00f3n, negligencia de nuestro gobierno de m\u00e1s de 800 mil muertos, sin importar el dolor humano de su pueblo. La residencia social con X\u00f3chitl G\u00e1lvez,! Tal vez para muchos no es la mejor, pero es una mejor opci\u00f3n ejerce tu libertad, romper esos controles de poder: miedo, delincuencia y dividirnos entre nosotros \u00a1. VOTA ESTE 2 DE JUNIO POR UN A NUEVA ESPERANZA DE LOS CIUDADANOS.<\/p>\n\n\n\n<p>Historia del proyecto Truncado(Aeropuerto de Texcoco, recursos tirados a la basura de m\u00e1s de 300 mil millones de pesos y los culpables desde la SHCP en el desvi\u00f3 de recursos y los fideicomisos de m\u00e1s de 5 mil millones de pesos ,que tendremos que pagar los ciudadanos por d\u00e9cadas ,por el capricho) : El desperdicio de los recursos en el proyecto aeropuerto 2015-2018 valle de M\u00e9xico: la explicaci\u00f3n de los recursos aplicados en el no han sido esclarecidos y sus posibles responsabilidades de los servidores p\u00fablicos. La paraestatal encargada de este proyecto en la penumbra total. Las acciones de la empresa para estatal del grupo aeroportuario, con fundamento en la ley agraria y sus instrumentos financieros de fideicomiso designado a la obra p\u00fablica, as\u00ed como las empresas de S.A.C.V, en la prestaci\u00f3n de servicios con fundamento a la ley de arrendamiento y su coordinaci\u00f3n con el consejo de administraci\u00f3n del aeropuerto, en cuanto a los recursos p\u00fablicos en sus diferentes modalidades: El grupo aeroportuario de la ciudad de M\u00e9xico, para estatal a trav\u00e9s de direcci\u00f3n corporativa de administraci\u00f3n y gesti\u00f3n inmobiliaria (TERRENOS) Las acciones de la direcci\u00f3n corporativa de administraci\u00f3n y gesti\u00f3n inmobiliaria.<br>https:\/\/www.youtube.com\/live\/JJJ2T1glJ-o?si=p42MSETP<\/p>\n","protected":false},"excerpt":{"rendered":"<p>Emiliano Carrillo CarrascoVota este 2 de Junio por Una nueva Esperanza de los Ciudadanos.\u201cUn poder sin derecho es un poder tir\u00e1nico de p\u00e9rfidos o un poder arbitrario autocr\u00e1tico\u201d Bobbio.La realidad de los mexicanos es ser gobernados por los kakistocracia de la pol\u00edtica de c\u00edrculo de poder y sectas de grupos. Solo hay dos opciones a [&hellip;]<\/p>\n","protected":false},"author":1,"featured_media":119195,"comment_status":"open","ping_status":"open","sticky":true,"template":"","format":"standard","meta":{"footnotes":""},"categories":[14,12],"tags":[],"_links":{"self":[{"href":"https:\/\/diariodigitalmx.com\/index.php\/wp-json\/wp\/v2\/posts\/119193"}],"collection":[{"href":"https:\/\/diariodigitalmx.com\/index.php\/wp-json\/wp\/v2\/posts"}],"about":[{"href":"https:\/\/diariodigitalmx.com\/index.php\/wp-json\/wp\/v2\/types\/post"}],"author":[{"embeddable":true,"href":"https:\/\/diariodigitalmx.com\/index.php\/wp-json\/wp\/v2\/users\/1"}],"replies":[{"embeddable":true,"href":"https:\/\/diariodigitalmx.com\/index.php\/wp-json\/wp\/v2\/comments?post=119193"}],"version-history":[{"count":1,"href":"https:\/\/diariodigitalmx.com\/index.php\/wp-json\/wp\/v2\/posts\/119193\/revisions"}],"predecessor-version":[{"id":119194,"href":"https:\/\/diariodigitalmx.com\/index.php\/wp-json\/wp\/v2\/posts\/119193\/revisions\/119194"}],"wp:featuredmedia":[{"embeddable":true,"href":"https:\/\/diariodigitalmx.com\/index.php\/wp-json\/wp\/v2\/media\/119195"}],"wp:attachment":[{"href":"https:\/\/diariodigitalmx.com\/index.php\/wp-json\/wp\/v2\/media?parent=119193"}],"wp:term":[{"taxonomy":"category","embeddable":true,"href":"https:\/\/diariodigitalmx.com\/index.php\/wp-json\/wp\/v2\/categories?post=119193"},{"taxonomy":"post_tag","embeddable":true,"href":"https:\/\/diariodigitalmx.com\/index.php\/wp-json\/wp\/v2\/tags?post=119193"}],"curies":[{"name":"wp","href":"https:\/\/api.w.org\/{rel}","templated":true}]}}