{"id":119196,"date":"2024-05-17T22:29:02","date_gmt":"2024-05-18T03:29:02","guid":{"rendered":"https:\/\/diariodigitalmx.com\/?p=119196"},"modified":"2024-05-17T22:30:26","modified_gmt":"2024-05-18T03:30:26","slug":"asume-adrian-de-la-garza-compromisos-para-la-paz-en-monterrey","status":"publish","type":"post","link":"https:\/\/diariodigitalmx.com\/index.php\/2024\/05\/17\/asume-adrian-de-la-garza-compromisos-para-la-paz-en-monterrey\/","title":{"rendered":"Asume Adri\u00e1n de la Garza compromisos para la Paz en Monterrey"},"content":{"rendered":"\n<figure class=\"wp-block-image size-large\"><img loading=\"lazy\" decoding=\"async\" width=\"1024\" height=\"795\" src=\"https:\/\/diariodigitalmx.com\/wp-content\/uploads\/2024\/05\/IMG-20240517-WA0124-1024x795.jpg\" alt=\"\" class=\"wp-image-119199\" srcset=\"https:\/\/diariodigitalmx.com\/wp-content\/uploads\/2024\/05\/IMG-20240517-WA0124-1024x795.jpg 1024w, https:\/\/diariodigitalmx.com\/wp-content\/uploads\/2024\/05\/IMG-20240517-WA0124-300x233.jpg 300w, https:\/\/diariodigitalmx.com\/wp-content\/uploads\/2024\/05\/IMG-20240517-WA0124-768x596.jpg 768w, https:\/\/diariodigitalmx.com\/wp-content\/uploads\/2024\/05\/IMG-20240517-WA0124.jpg 1280w\" sizes=\"(max-width: 1024px) 100vw, 1024px\" \/><\/figure>\n\n\n\n<p>*<em>Participa en el \u201cDi\u00e1logo Nacional por la Paz\u201d y firma el compromiso municipal para erradicar la violencia e inseguridad al llegar a la alcald\u00eda regia<\/em><\/p>\n\n\n\n<p>Porque todos anhelamos la paz y la justicia, este viernes el candidato del PRI, PAN y PRD a la alcald\u00eda de Monterrey, Adri\u00e1n de la Garza Santos, firm\u00f3 el \u201cCompromiso Municipal por la Paz\u201d que promueve la Conferencia del Episcopado Mexicano, asociaciones civiles y universidades en cada uno de los estados del pa\u00eds.<\/p>\n\n\n\n<p>Al participar en el Di\u00e1logos Nacional por la Paz, el abanderado de la alianza \u201cFuerza y coraz\u00f3n por Nuevo Le\u00f3n\u201d acept\u00f3 adoptar las propuestas en su programa de gobierno de ganar las elecciones.<\/p>\n\n\n\n<p>\u201cEs una cruzada donde todos tenemos una gran responsabilidad, todos queremos que Nuevo Le\u00f3n y M\u00e9xico est\u00e9 en paz, todos tenemos que poner una parte de nuestra voluntad y tambi\u00e9n de nuestro trabajo.<\/p>\n\n\n\n<figure class=\"wp-block-image size-large\"><img loading=\"lazy\" decoding=\"async\" width=\"1024\" height=\"891\" src=\"https:\/\/diariodigitalmx.com\/wp-content\/uploads\/2024\/05\/IMG-20240517-WA0122-1024x891.jpg\" alt=\"\" class=\"wp-image-119201\" srcset=\"https:\/\/diariodigitalmx.com\/wp-content\/uploads\/2024\/05\/IMG-20240517-WA0122-1024x891.jpg 1024w, https:\/\/diariodigitalmx.com\/wp-content\/uploads\/2024\/05\/IMG-20240517-WA0122-300x261.jpg 300w, https:\/\/diariodigitalmx.com\/wp-content\/uploads\/2024\/05\/IMG-20240517-WA0122-768x668.jpg 768w, https:\/\/diariodigitalmx.com\/wp-content\/uploads\/2024\/05\/IMG-20240517-WA0122.jpg 1280w\" sizes=\"(max-width: 1024px) 100vw, 1024px\" \/><\/figure>\n\n\n\n<p>\u201cLos presidentes municipales tenemos una gran responsabilidad en todo esto y todos los candidatos estamos de acuerdo en el documento que firmamos y espero que no quede solo en un documento sino en acciones reales\u201d, pidi\u00f3.<\/p>\n\n\n\n<p>Durante su intervenci\u00f3n, De la Garza propuso a las instituciones educativas retomar las asignaturas de valores, civismo y \u00e9tica para sembrar desde temprana edad la conciencia de lo que est\u00e1 bien y lo que no.<\/p>\n\n\n\n<p>\u201cConvoco a las universidades a que nuevamente impartan las asignaturas de \u00c9tica, de \u00c9tica profesional y de \u00c9tica social porque lo que yo he observado es que, como municipios, como gobiernos estatales o federales podamos tener la visi\u00f3n de combatir la inseguridad y la violencia a trav\u00e9s de la composici\u00f3n social\u201d, especific\u00f3.<\/p>\n\n\n\n<p>Frente al Arzobispo de Monterrey y Presidente de la Conferencia del Episcopado Mexicano, Monse\u00f1or Rogelio Cabrera L\u00f3pez y representantes de la academia y el sector social, el candidato reconoci\u00f3 que algunos de los compromisos adquiridos hoy ya los tiene considerados en su plan de trabajo y los que no, ofreci\u00f3 incluirlos.<\/p>\n\n\n\n<p>Las 28 tareas asumidas se organizan en siete rubros:<\/p>\n\n\n\n<ol>\n<li>Tejido social<\/li>\n\n\n\n<li>Seguridad<\/li>\n\n\n\n<li>Justicia<\/li>\n\n\n\n<li>C\u00e1rceles<\/li>\n\n\n\n<li>Adolescentes<\/li>\n\n\n\n<li>Gobernanzas<\/li>\n\n\n\n<li>Derechos Humanos<\/li>\n<\/ol>\n\n\n\n<p>Para el movimiento \u201cDi\u00e1logo Nacional por la Paz\u201d, desde hace 18 a\u00f1os el territorio mexicano vive una grave crisis de violencia con un sistema de justicia rebasado que debe solventarse desde lo local, por la cercan\u00eda de los Ayuntamientos con la poblaci\u00f3n.<\/p>\n","protected":false},"excerpt":{"rendered":"<p>*Participa en el \u201cDi\u00e1logo Nacional por la Paz\u201d y firma el compromiso municipal para erradicar la violencia e inseguridad al llegar a la alcald\u00eda regia Porque todos anhelamos la paz y la justicia, este viernes el candidato del PRI, PAN y PRD a la alcald\u00eda de Monterrey, Adri\u00e1n de la Garza Santos, firm\u00f3 el \u201cCompromiso [&hellip;]<\/p>\n","protected":false},"author":1,"featured_media":119198,"comment_status":"open","ping_status":"open","sticky":true,"template":"","format":"standard","meta":{"footnotes":""},"categories":[6,3],"tags":[],"_links":{"self":[{"href":"https:\/\/diariodigitalmx.com\/index.php\/wp-json\/wp\/v2\/posts\/119196"}],"collection":[{"href":"https:\/\/diariodigitalmx.com\/index.php\/wp-json\/wp\/v2\/posts"}],"about":[{"href":"https:\/\/diariodigitalmx.com\/index.php\/wp-json\/wp\/v2\/types\/post"}],"author":[{"embeddable":true,"href":"https:\/\/diariodigitalmx.com\/index.php\/wp-json\/wp\/v2\/users\/1"}],"replies":[{"embeddable":true,"href":"https:\/\/diariodigitalmx.com\/index.php\/wp-json\/wp\/v2\/comments?post=119196"}],"version-history":[{"count":3,"href":"https:\/\/diariodigitalmx.com\/index.php\/wp-json\/wp\/v2\/posts\/119196\/revisions"}],"predecessor-version":[{"id":119202,"href":"https:\/\/diariodigitalmx.com\/index.php\/wp-json\/wp\/v2\/posts\/119196\/revisions\/119202"}],"wp:featuredmedia":[{"embeddable":true,"href":"https:\/\/diariodigitalmx.com\/index.php\/wp-json\/wp\/v2\/media\/119198"}],"wp:attachment":[{"href":"https:\/\/diariodigitalmx.com\/index.php\/wp-json\/wp\/v2\/media?parent=119196"}],"wp:term":[{"taxonomy":"category","embeddable":true,"href":"https:\/\/diariodigitalmx.com\/index.php\/wp-json\/wp\/v2\/categories?post=119196"},{"taxonomy":"post_tag","embeddable":true,"href":"https:\/\/diariodigitalmx.com\/index.php\/wp-json\/wp\/v2\/tags?post=119196"}],"curies":[{"name":"wp","href":"https:\/\/api.w.org\/{rel}","templated":true}]}}