{"id":119203,"date":"2024-05-17T22:41:37","date_gmt":"2024-05-18T03:41:37","guid":{"rendered":"https:\/\/diariodigitalmx.com\/?p=119203"},"modified":"2024-05-17T22:42:57","modified_gmt":"2024-05-18T03:42:57","slug":"usara-mijes-capsulas-de-hidrogel-para-regar-arboles-con-poca-agua","status":"publish","type":"post","link":"https:\/\/diariodigitalmx.com\/index.php\/2024\/05\/17\/usara-mijes-capsulas-de-hidrogel-para-regar-arboles-con-poca-agua\/","title":{"rendered":"Usar\u00e1 Mijes c\u00e1psulas de hidrogel para regar \u00e1rboles con poca agua"},"content":{"rendered":"\n<p>Para mantener con vida las \u00e1reas verdes, Andr\u00e9s Mijes anunci\u00f3 que implementar\u00e1 el uso de c\u00e1psulas de hidrogel para que los \u00e1rboles que sean sembrados puedan crecer sin la necesidad de utilizar grandes cantidades de agua.<\/p>\n\n\n\n<p>Ante la crisis h\u00eddrica que se vive por la falta de lluvias en la regi\u00f3n, el Candidato de \u201cSigamos Haciendo Historia\u201d inform\u00f3 que en los nuevos \u201cPulmones Urbanos\u201d se implementar\u00e1 este nuevo sistema de riego que permite que los arboles lleguen a conservar el agua hasta por 15 d\u00edas.<\/p>\n\n\n\n<figure class=\"wp-block-image size-large\"><img loading=\"lazy\" decoding=\"async\" width=\"692\" height=\"1024\" src=\"https:\/\/diariodigitalmx.com\/wp-content\/uploads\/2024\/05\/FOTO-3-1-692x1024.jpg\" alt=\"\" class=\"wp-image-119206\" srcset=\"https:\/\/diariodigitalmx.com\/wp-content\/uploads\/2024\/05\/FOTO-3-1-692x1024.jpg 692w, https:\/\/diariodigitalmx.com\/wp-content\/uploads\/2024\/05\/FOTO-3-1-203x300.jpg 203w, https:\/\/diariodigitalmx.com\/wp-content\/uploads\/2024\/05\/FOTO-3-1-768x1137.jpg 768w, https:\/\/diariodigitalmx.com\/wp-content\/uploads\/2024\/05\/FOTO-3-1-1038x1536.jpg 1038w, https:\/\/diariodigitalmx.com\/wp-content\/uploads\/2024\/05\/FOTO-3-1-1384x2048.jpg 1384w, https:\/\/diariodigitalmx.com\/wp-content\/uploads\/2024\/05\/FOTO-3-1.jpg 1520w\" sizes=\"(max-width: 692px) 100vw, 692px\" \/><\/figure>\n\n\n\n<p>\u201cLas \u00e1reas verdes en Escobedo seguir\u00e1n vivas, por ello estaremos implementando unas novedosas capsulas de hidrogel en los nuevos Pulmones Urbanos, c\u00e1psulas que permitir\u00e1n que los \u00e1rboles puedan conservar el agua hasta por 15 d\u00edas, esto nos permitir\u00e1 tener un consumo de agua responsable y que nuestros arboles crezcan sanos\u201d, expres\u00f3.<\/p>\n\n\n\n<p>Mijes explic\u00f3 que el hidrogel permite que el \u00e1rbol y \u00e1reas verdes contin\u00faen en buen estado, lo que se traduce en un ahorro importante del vital l\u00edquido, adem\u00e1s de mejorar la calidad del aire y conservar el medio ambiente.<\/p>\n\n\n\n<figure class=\"wp-block-image size-large\"><img loading=\"lazy\" decoding=\"async\" width=\"1024\" height=\"577\" src=\"https:\/\/diariodigitalmx.com\/wp-content\/uploads\/2024\/05\/FOTO-2-1-1024x577.jpg\" alt=\"\" class=\"wp-image-119208\" srcset=\"https:\/\/diariodigitalmx.com\/wp-content\/uploads\/2024\/05\/FOTO-2-1-1024x577.jpg 1024w, https:\/\/diariodigitalmx.com\/wp-content\/uploads\/2024\/05\/FOTO-2-1-300x169.jpg 300w, https:\/\/diariodigitalmx.com\/wp-content\/uploads\/2024\/05\/FOTO-2-1-768x432.jpg 768w, https:\/\/diariodigitalmx.com\/wp-content\/uploads\/2024\/05\/FOTO-2-1-1536x865.jpg 1536w, https:\/\/diariodigitalmx.com\/wp-content\/uploads\/2024\/05\/FOTO-2-1-2048x1153.jpg 2048w\" sizes=\"(max-width: 1024px) 100vw, 1024px\" \/><\/figure>\n\n\n\n<p>Adem\u00e1s, en Escobedo se continuar\u00e1 con el riego de \u00e1reas verdes con agua tratada.<\/p>\n\n\n\n<p>Con esta nueva herramienta, las \u00e1reas verdes en Escobedo ser\u00e1n completamente sustentables y amigables con el medio ambiente.<\/p>\n\n\n\n<p>Mijes dijo que, si es favorecido con el voto de los ciudadanos el pr\u00f3ximo dos de junio, Escobedo se convertir\u00e1 en una \u201cCiudad Sustentable\u201d, por lo que proyecta la siembre de m\u00e1s de 20 mil \u00e1rboles en todo el Municipio.<\/p>\n","protected":false},"excerpt":{"rendered":"<p>Para mantener con vida las \u00e1reas verdes, Andr\u00e9s Mijes anunci\u00f3 que implementar\u00e1 el uso de c\u00e1psulas de hidrogel para que los \u00e1rboles que sean sembrados puedan crecer sin la necesidad de utilizar grandes cantidades de agua. Ante la crisis h\u00eddrica que se vive por la falta de lluvias en la regi\u00f3n, el Candidato de \u201cSigamos [&hellip;]<\/p>\n","protected":false},"author":1,"featured_media":119205,"comment_status":"open","ping_status":"open","sticky":true,"template":"","format":"standard","meta":{"footnotes":""},"categories":[14,6],"tags":[],"_links":{"self":[{"href":"https:\/\/diariodigitalmx.com\/index.php\/wp-json\/wp\/v2\/posts\/119203"}],"collection":[{"href":"https:\/\/diariodigitalmx.com\/index.php\/wp-json\/wp\/v2\/posts"}],"about":[{"href":"https:\/\/diariodigitalmx.com\/index.php\/wp-json\/wp\/v2\/types\/post"}],"author":[{"embeddable":true,"href":"https:\/\/diariodigitalmx.com\/index.php\/wp-json\/wp\/v2\/users\/1"}],"replies":[{"embeddable":true,"href":"https:\/\/diariodigitalmx.com\/index.php\/wp-json\/wp\/v2\/comments?post=119203"}],"version-history":[{"count":2,"href":"https:\/\/diariodigitalmx.com\/index.php\/wp-json\/wp\/v2\/posts\/119203\/revisions"}],"predecessor-version":[{"id":119209,"href":"https:\/\/diariodigitalmx.com\/index.php\/wp-json\/wp\/v2\/posts\/119203\/revisions\/119209"}],"wp:featuredmedia":[{"embeddable":true,"href":"https:\/\/diariodigitalmx.com\/index.php\/wp-json\/wp\/v2\/media\/119205"}],"wp:attachment":[{"href":"https:\/\/diariodigitalmx.com\/index.php\/wp-json\/wp\/v2\/media?parent=119203"}],"wp:term":[{"taxonomy":"category","embeddable":true,"href":"https:\/\/diariodigitalmx.com\/index.php\/wp-json\/wp\/v2\/categories?post=119203"},{"taxonomy":"post_tag","embeddable":true,"href":"https:\/\/diariodigitalmx.com\/index.php\/wp-json\/wp\/v2\/tags?post=119203"}],"curies":[{"name":"wp","href":"https:\/\/api.w.org\/{rel}","templated":true}]}}