{"id":119241,"date":"2024-05-18T07:42:11","date_gmt":"2024-05-18T12:42:11","guid":{"rendered":"https:\/\/diariodigitalmx.com\/?p=119241"},"modified":"2024-05-18T07:45:51","modified_gmt":"2024-05-18T12:45:51","slug":"sere-la-alcaldesa-que-transforme-santiago-maribel-villalon","status":"publish","type":"post","link":"https:\/\/diariodigitalmx.com\/index.php\/2024\/05\/18\/sere-la-alcaldesa-que-transforme-santiago-maribel-villalon\/","title":{"rendered":"Ser\u00e9 la alcaldesa que transforme Santiago, Maribel Villal\u00f3n"},"content":{"rendered":"\n<figure class=\"wp-block-image size-large\"><img loading=\"lazy\" decoding=\"async\" width=\"1024\" height=\"682\" src=\"https:\/\/diariodigitalmx.com\/wp-content\/uploads\/2024\/05\/IMG-20240517-WA0199-1024x682.jpg\" alt=\"\" class=\"wp-image-119244\" srcset=\"https:\/\/diariodigitalmx.com\/wp-content\/uploads\/2024\/05\/IMG-20240517-WA0199-1024x682.jpg 1024w, https:\/\/diariodigitalmx.com\/wp-content\/uploads\/2024\/05\/IMG-20240517-WA0199-300x200.jpg 300w, https:\/\/diariodigitalmx.com\/wp-content\/uploads\/2024\/05\/IMG-20240517-WA0199-768x512.jpg 768w, https:\/\/diariodigitalmx.com\/wp-content\/uploads\/2024\/05\/IMG-20240517-WA0199-1536x1023.jpg 1536w, https:\/\/diariodigitalmx.com\/wp-content\/uploads\/2024\/05\/IMG-20240517-WA0199.jpg 1600w\" sizes=\"(max-width: 1024px) 100vw, 1024px\" \/><\/figure>\n\n\n\n<p>Santiago, N. L..- En un acto de apoyo contundente, los residentes de Los Pe\u00f1a respaldaron a Maribel Villalon, candidata del partido Morena a la presidencia municipal de Santiago, durante su visita a esta comunidad.<br>En un di\u00e1logo abierto y franco, los habitantes de Los Pe\u00f1a expusieron a la candidata las preocupaciones que los aquejan, como la contaminaci\u00f3n del r\u00edo local, la falta de iluminaci\u00f3n en \u00e1reas clave y los constantes problemas con el suministro de agua, que los han obligado a recurrir a pipas para satisfacer las necesidades de este servicio.<\/p>\n\n\n\n<figure class=\"wp-block-image size-large\"><img loading=\"lazy\" decoding=\"async\" width=\"1024\" height=\"682\" src=\"https:\/\/diariodigitalmx.com\/wp-content\/uploads\/2024\/05\/IMG-20240517-WA0201-1024x682.jpg\" alt=\"\" class=\"wp-image-119250\" srcset=\"https:\/\/diariodigitalmx.com\/wp-content\/uploads\/2024\/05\/IMG-20240517-WA0201-1024x682.jpg 1024w, https:\/\/diariodigitalmx.com\/wp-content\/uploads\/2024\/05\/IMG-20240517-WA0201-300x200.jpg 300w, https:\/\/diariodigitalmx.com\/wp-content\/uploads\/2024\/05\/IMG-20240517-WA0201-768x512.jpg 768w, https:\/\/diariodigitalmx.com\/wp-content\/uploads\/2024\/05\/IMG-20240517-WA0201-1536x1023.jpg 1536w, https:\/\/diariodigitalmx.com\/wp-content\/uploads\/2024\/05\/IMG-20240517-WA0201.jpg 1600w\" sizes=\"(max-width: 1024px) 100vw, 1024px\" \/><\/figure>\n\n\n\n<p>\u201cSer\u00e9 la alcaldesa que resuelva y transforme el municipio de Santiago, trabajar\u00e9 incansablemente para garantizar los servicios b\u00e1sicos a la poblaci\u00f3n y el cuidado de nuestro medio ambiente\u201d, se comprometi\u00f3 Maribel Villal\u00f3n al agradecer las constantes muestras de apoyo.<br>Posteriormente, la candidata arrib\u00f3 a la planta de La Cieneguilla, donde constat\u00f3 problemas de seguridad y deficiencias en el alumbrado p\u00fablico, retos que se comprometi\u00f3 a solucionar al resultar triunfadora en las pr\u00f3ximas elecciones.<br>En su incansable recorrido por el municipio, Villal\u00f3n Gonz\u00e1lez tambi\u00e9n dialog\u00f3 con trabajadores de restaurantes locales, agobiados por la falta de prestaciones laborales.<br>En respuesta, la candidata a la alcald\u00eda destac\u00f3 su proyecto integral orientado a impulsar la econom\u00eda municipal y garantizar que los trabajadores locales reciban todas las prestaciones laborales de acuerdo a la ley.<br>&#8220;Nos preocupa garantizar el bienestar de la mano de obra de Santiago con las prestaciones que les corresponden. Estamos comprometidas en velar por el cuidado de comerciantes y trabajadores del municipio&#8221;, afirm\u00f3.<br>Con propuestas claras y una visi\u00f3n enfocada en resolver las necesidades locales, Maribel Villal\u00f3n busca encabezar un cambio positivo y transformador para Santiago, Nuevo Le\u00f3n, con el firme respaldo de los santiaguenses en su camino hacia la victoria electoral el pr\u00f3ximo 2 de junio.<\/p>\n","protected":false},"excerpt":{"rendered":"<p>Santiago, N. L..- En un acto de apoyo contundente, los residentes de Los Pe\u00f1a respaldaron a Maribel Villalon, candidata del partido Morena a la presidencia municipal de Santiago, durante su visita a esta comunidad.En un di\u00e1logo abierto y franco, los habitantes de Los Pe\u00f1a expusieron a la candidata las preocupaciones que los aquejan, como la [&hellip;]<\/p>\n","protected":false},"author":1,"featured_media":119243,"comment_status":"open","ping_status":"open","sticky":true,"template":"","format":"standard","meta":{"footnotes":""},"categories":[14,6],"tags":[],"_links":{"self":[{"href":"https:\/\/diariodigitalmx.com\/index.php\/wp-json\/wp\/v2\/posts\/119241"}],"collection":[{"href":"https:\/\/diariodigitalmx.com\/index.php\/wp-json\/wp\/v2\/posts"}],"about":[{"href":"https:\/\/diariodigitalmx.com\/index.php\/wp-json\/wp\/v2\/types\/post"}],"author":[{"embeddable":true,"href":"https:\/\/diariodigitalmx.com\/index.php\/wp-json\/wp\/v2\/users\/1"}],"replies":[{"embeddable":true,"href":"https:\/\/diariodigitalmx.com\/index.php\/wp-json\/wp\/v2\/comments?post=119241"}],"version-history":[{"count":6,"href":"https:\/\/diariodigitalmx.com\/index.php\/wp-json\/wp\/v2\/posts\/119241\/revisions"}],"predecessor-version":[{"id":119251,"href":"https:\/\/diariodigitalmx.com\/index.php\/wp-json\/wp\/v2\/posts\/119241\/revisions\/119251"}],"wp:featuredmedia":[{"embeddable":true,"href":"https:\/\/diariodigitalmx.com\/index.php\/wp-json\/wp\/v2\/media\/119243"}],"wp:attachment":[{"href":"https:\/\/diariodigitalmx.com\/index.php\/wp-json\/wp\/v2\/media?parent=119241"}],"wp:term":[{"taxonomy":"category","embeddable":true,"href":"https:\/\/diariodigitalmx.com\/index.php\/wp-json\/wp\/v2\/categories?post=119241"},{"taxonomy":"post_tag","embeddable":true,"href":"https:\/\/diariodigitalmx.com\/index.php\/wp-json\/wp\/v2\/tags?post=119241"}],"curies":[{"name":"wp","href":"https:\/\/api.w.org\/{rel}","templated":true}]}}