{"id":119290,"date":"2024-05-18T14:27:20","date_gmt":"2024-05-18T19:27:20","guid":{"rendered":"https:\/\/diariodigitalmx.com\/?p=119290"},"modified":"2024-05-18T14:29:45","modified_gmt":"2024-05-18T19:29:45","slug":"garantiza-adrian-certeza-juridica-y-economica-a-desarrolladores-inmobiliarios","status":"publish","type":"post","link":"https:\/\/diariodigitalmx.com\/index.php\/2024\/05\/18\/garantiza-adrian-certeza-juridica-y-economica-a-desarrolladores-inmobiliarios\/","title":{"rendered":"Garantiza Adri\u00e1n certeza jur\u00eddica y econ\u00f3mica a desarrolladores inmobiliarios"},"content":{"rendered":"\n<figure class=\"wp-block-image size-large\"><img loading=\"lazy\" decoding=\"async\" width=\"1024\" height=\"682\" src=\"https:\/\/diariodigitalmx.com\/wp-content\/uploads\/2024\/05\/IMG-20240518-WA0070-1024x682.jpg\" alt=\"\" class=\"wp-image-119294\" srcset=\"https:\/\/diariodigitalmx.com\/wp-content\/uploads\/2024\/05\/IMG-20240518-WA0070-1024x682.jpg 1024w, https:\/\/diariodigitalmx.com\/wp-content\/uploads\/2024\/05\/IMG-20240518-WA0070-300x200.jpg 300w, https:\/\/diariodigitalmx.com\/wp-content\/uploads\/2024\/05\/IMG-20240518-WA0070-768x512.jpg 768w, https:\/\/diariodigitalmx.com\/wp-content\/uploads\/2024\/05\/IMG-20240518-WA0070.jpg 1280w\" sizes=\"(max-width: 1024px) 100vw, 1024px\" \/><\/figure>\n\n\n\n<p>*<em>Ofrece simplificar la tramitolog\u00eda en permisos y atender los principales problemas del sector.<\/em><\/p>\n\n\n\n<p>El desarrollo urbano \u201cser\u00e1 todo un tema\u201d para la pr\u00f3xima administraci\u00f3n municipal, anticip\u00f3 el candidato a la alcald\u00eda de Monterrey, Adri\u00e1n de la Garza Santos ante desarrolladores inmobiliarios de la ciudad.<\/p>\n\n\n\n<p>Encabezados por Bernardo Sada Alan\u00eds, Presidente de la C\u00e1mara de Propietarios de Bienes Ra\u00edces de Nuevo Le\u00f3n (Caprobi) y por Javier Trevi\u00f1o Garza Presidente de la C\u00e1mara Nacional de la Industria de Desarrollo y Promoci\u00f3n de la Vivienda (Canadevi) los socios escucharon las propuestas del abanderado de la alianza \u201cFuerza y coraz\u00f3n por Nuevo Le\u00f3n y le plantearon sus necesidades.<\/p>\n\n\n\n<figure class=\"wp-block-image size-large\"><img loading=\"lazy\" decoding=\"async\" width=\"1024\" height=\"682\" src=\"https:\/\/diariodigitalmx.com\/wp-content\/uploads\/2024\/05\/IMG-20240518-WA0068-1024x682.jpg\" alt=\"\" class=\"wp-image-119296\" srcset=\"https:\/\/diariodigitalmx.com\/wp-content\/uploads\/2024\/05\/IMG-20240518-WA0068-1024x682.jpg 1024w, https:\/\/diariodigitalmx.com\/wp-content\/uploads\/2024\/05\/IMG-20240518-WA0068-300x200.jpg 300w, https:\/\/diariodigitalmx.com\/wp-content\/uploads\/2024\/05\/IMG-20240518-WA0068-768x512.jpg 768w, https:\/\/diariodigitalmx.com\/wp-content\/uploads\/2024\/05\/IMG-20240518-WA0068.jpg 1280w\" sizes=\"(max-width: 1024px) 100vw, 1024px\" \/><\/figure>\n\n\n\n<p>Los empresarios y el candidato sostuvieron un encuentro en el Club Industrial donde las principales solicitudes fueron simplificar los tr\u00e1mites para la creaci\u00f3n de viviendas, abatir la corrupci\u00f3n en la Secretar\u00eda correspondiente, y solventar problemas como las crisis de agua y movilidad.<\/p>\n\n\n\n<p>\u201cPropongo hacer juntos un modelo para la solicitud de permisos, sabemos que es un tema t\u00e9cnico, sobre todo si se trata de desarrollos, hagamos un modelo que d\u00e9 certeza a la inversi\u00f3n\u201d, sugiri\u00f3 De la Garza.<\/p>\n\n\n\n<figure class=\"wp-block-image size-large\"><img loading=\"lazy\" decoding=\"async\" width=\"1024\" height=\"682\" src=\"https:\/\/diariodigitalmx.com\/wp-content\/uploads\/2024\/05\/IMG-20240518-WA0069-1024x682.jpg\" alt=\"\" class=\"wp-image-119299\" srcset=\"https:\/\/diariodigitalmx.com\/wp-content\/uploads\/2024\/05\/IMG-20240518-WA0069-1024x682.jpg 1024w, https:\/\/diariodigitalmx.com\/wp-content\/uploads\/2024\/05\/IMG-20240518-WA0069-300x200.jpg 300w, https:\/\/diariodigitalmx.com\/wp-content\/uploads\/2024\/05\/IMG-20240518-WA0069-768x512.jpg 768w, https:\/\/diariodigitalmx.com\/wp-content\/uploads\/2024\/05\/IMG-20240518-WA0069.jpg 1280w\" sizes=\"(max-width: 1024px) 100vw, 1024px\" \/><\/figure>\n\n\n\n<p>\u201cNos falta hacer un manual para desarrollo urbano, por eso les digo, vamos a darnos certeza, y ay\u00fadenme, vamos a desarrollar manuales para protocolos internos que est\u00e9n apegados obviamente a todas las reglamentaciones de desarrollo urbano y tambi\u00e9n le ponemos reglas\u201d.<\/p>\n\n\n\n<p>Los asistentes denunciaron que en los \u00faltimos tres a\u00f1os se paraliz\u00f3 el desarrollo urbano al no emitir permisos, adem\u00e1s de que los funcionarios desconocen los procesos y carecen de incentivos.<\/p>\n\n\n\n<p>\u201cQueremos m\u00e1s injerencia de las c\u00e1maras para darle celeridad a los tr\u00e1mites, que la corrupci\u00f3n no nos frene, en esta administraci\u00f3n caminamos para atr\u00e1s\u201d coment\u00f3 uno de los asistentes.<\/p>\n\n\n\n<p>El candidato les plante\u00f3 sus proyectos de Distritos para promover la vivienda en el Centro y as\u00ed evitar traslados, lo cual colapsa las vialidades.<\/p>\n\n\n\n<p>En cuanto a la escasez de agua dijo que se requiere de un plan de administraci\u00f3n, ya que en la actualidad se gastan en la zona metropolitana 16 metros c\u00fabicos por segundo, mientras que la capacidad de abasto es de 15 metros c\u00fabicos.<\/p>\n\n\n\n<p>Por eso llam\u00f3 a racionalizar con planeaci\u00f3n y certeza para la gente, y as\u00ed evitar el descontento social.<br>Adelant\u00f3 que, en la siguiente administraci\u00f3n, si le toca encabezarla, habr\u00e1 m\u00e1s obra p\u00fablica, sobre todo en vialidades y que no requerir\u00e1 del Estado para llevarla a cabo, ya que el municipio cuenta con un presupuesto propio, independiente, irreductible y constitucional.<\/p>\n\n\n\n<p>\u201cLo que he estado planteando para la seguridad, justicia social, servicios p\u00fablicos, transporte, todo est\u00e1 basado en una planeaci\u00f3n estrat\u00e9gica con soporte financiero con el presupuesto de Monterrey para 2024, estamos garantizando que lo podemos cumplir\u201d, sentenci\u00f3.<\/p>\n\n\n\n<p>Para Adri\u00e1n de la Garza, la infraestructura de abasto de agua, transporte y vivienda en la zona Centro est\u00e1 subutilizada, por eso le importancia de promover la repoblaci\u00f3n del sector.<\/p>\n\n\n\n<p>Finalmente pidi\u00f3 a los socios de la Canadevi y de Caprobi, proponer a quien pueda fungir como el pr\u00f3ximo secretario de desarrollo urbano de Monterrey.<\/p>\n","protected":false},"excerpt":{"rendered":"<p>*Ofrece simplificar la tramitolog\u00eda en permisos y atender los principales problemas del sector. El desarrollo urbano \u201cser\u00e1 todo un tema\u201d para la pr\u00f3xima administraci\u00f3n municipal, anticip\u00f3 el candidato a la alcald\u00eda de Monterrey, Adri\u00e1n de la Garza Santos ante desarrolladores inmobiliarios de la ciudad. Encabezados por Bernardo Sada Alan\u00eds, Presidente de la C\u00e1mara de Propietarios [&hellip;]<\/p>\n","protected":false},"author":1,"featured_media":119292,"comment_status":"open","ping_status":"open","sticky":true,"template":"","format":"standard","meta":{"footnotes":""},"categories":[6,5],"tags":[],"_links":{"self":[{"href":"https:\/\/diariodigitalmx.com\/index.php\/wp-json\/wp\/v2\/posts\/119290"}],"collection":[{"href":"https:\/\/diariodigitalmx.com\/index.php\/wp-json\/wp\/v2\/posts"}],"about":[{"href":"https:\/\/diariodigitalmx.com\/index.php\/wp-json\/wp\/v2\/types\/post"}],"author":[{"embeddable":true,"href":"https:\/\/diariodigitalmx.com\/index.php\/wp-json\/wp\/v2\/users\/1"}],"replies":[{"embeddable":true,"href":"https:\/\/diariodigitalmx.com\/index.php\/wp-json\/wp\/v2\/comments?post=119290"}],"version-history":[{"count":4,"href":"https:\/\/diariodigitalmx.com\/index.php\/wp-json\/wp\/v2\/posts\/119290\/revisions"}],"predecessor-version":[{"id":119300,"href":"https:\/\/diariodigitalmx.com\/index.php\/wp-json\/wp\/v2\/posts\/119290\/revisions\/119300"}],"wp:featuredmedia":[{"embeddable":true,"href":"https:\/\/diariodigitalmx.com\/index.php\/wp-json\/wp\/v2\/media\/119292"}],"wp:attachment":[{"href":"https:\/\/diariodigitalmx.com\/index.php\/wp-json\/wp\/v2\/media?parent=119290"}],"wp:term":[{"taxonomy":"category","embeddable":true,"href":"https:\/\/diariodigitalmx.com\/index.php\/wp-json\/wp\/v2\/categories?post=119290"},{"taxonomy":"post_tag","embeddable":true,"href":"https:\/\/diariodigitalmx.com\/index.php\/wp-json\/wp\/v2\/tags?post=119290"}],"curies":[{"name":"wp","href":"https:\/\/api.w.org\/{rel}","templated":true}]}}