{"id":119312,"date":"2024-05-19T08:39:39","date_gmt":"2024-05-19T13:39:39","guid":{"rendered":"https:\/\/diariodigitalmx.com\/?p=119312"},"modified":"2024-05-19T08:41:29","modified_gmt":"2024-05-19T13:41:29","slug":"sere-gestora-incansable-para-que-lleguen-mas-programas-federales-maribel-villalon","status":"publish","type":"post","link":"https:\/\/diariodigitalmx.com\/index.php\/2024\/05\/19\/sere-gestora-incansable-para-que-lleguen-mas-programas-federales-maribel-villalon\/","title":{"rendered":"Ser\u00e9 gestora incansable para que lleguen m\u00e1s programas federales, Maribel Villal\u00f3n"},"content":{"rendered":"\n<p>Santiago, N. L.- Ante habitantes de San Francisco, a quienes visit\u00f3 casa por casa, la candidata de Morena a la alcald\u00eda de Santiago Maribel Villal\u00f3n Gonz\u00e1lez dijo que desde la presidencia municipal ser\u00e1 una gestora incansable para que los programas federales y las pol\u00edticas p\u00fablicas del gobierno de Claudia Sheinbaum beneficien a todas las familias santiaguenses.<\/p>\n\n\n\n<figure class=\"wp-block-image size-large\"><img loading=\"lazy\" decoding=\"async\" width=\"1024\" height=\"682\" src=\"https:\/\/diariodigitalmx.com\/wp-content\/uploads\/2024\/05\/IMG-20240518-WA0162-1024x682.jpg\" alt=\"\" class=\"wp-image-119316\" srcset=\"https:\/\/diariodigitalmx.com\/wp-content\/uploads\/2024\/05\/IMG-20240518-WA0162-1024x682.jpg 1024w, https:\/\/diariodigitalmx.com\/wp-content\/uploads\/2024\/05\/IMG-20240518-WA0162-300x200.jpg 300w, https:\/\/diariodigitalmx.com\/wp-content\/uploads\/2024\/05\/IMG-20240518-WA0162-768x512.jpg 768w, https:\/\/diariodigitalmx.com\/wp-content\/uploads\/2024\/05\/IMG-20240518-WA0162-1536x1023.jpg 1536w, https:\/\/diariodigitalmx.com\/wp-content\/uploads\/2024\/05\/IMG-20240518-WA0162.jpg 1600w\" sizes=\"(max-width: 1024px) 100vw, 1024px\" \/><\/figure>\n\n\n\n<p>\u201cMi interacci\u00f3n directa con ustedes y todos los vecinos de esta y todas las colonias y comunidades, me han dado una visi\u00f3n certera de las problem\u00e1ticas que aquejan a Santiago\u201d, expres\u00f3 la candidata en el momento que las residentes de esta comunidad la recibieron con esperanza en medio del desencanto generalizado por la falta de respuesta a sus demandas.<\/p>\n\n\n\n<p>La candidata escuch\u00f3 en la voz de los residentes de San Francisco, que padecen una infraestructura obsoleta y deficiencias en los servicios b\u00e1sicos.<\/p>\n\n\n\n<figure class=\"wp-block-image size-large\"><img loading=\"lazy\" decoding=\"async\" width=\"1024\" height=\"575\" src=\"https:\/\/diariodigitalmx.com\/wp-content\/uploads\/2024\/05\/IMG-20240518-WA0161-1024x575.jpg\" alt=\"\" class=\"wp-image-119318\" srcset=\"https:\/\/diariodigitalmx.com\/wp-content\/uploads\/2024\/05\/IMG-20240518-WA0161-1024x575.jpg 1024w, https:\/\/diariodigitalmx.com\/wp-content\/uploads\/2024\/05\/IMG-20240518-WA0161-300x168.jpg 300w, https:\/\/diariodigitalmx.com\/wp-content\/uploads\/2024\/05\/IMG-20240518-WA0161-768x431.jpg 768w, https:\/\/diariodigitalmx.com\/wp-content\/uploads\/2024\/05\/IMG-20240518-WA0161-1536x862.jpg 1536w, https:\/\/diariodigitalmx.com\/wp-content\/uploads\/2024\/05\/IMG-20240518-WA0161.jpg 1600w\" sizes=\"(max-width: 1024px) 100vw, 1024px\" \/><\/figure>\n\n\n\n<p>\u201cCarecemos de iluminaci\u00f3n p\u00fablica, padecemos un deficiente estado de la red de drenaje, la deteriorada carpeta asf\u00e1ltica tipo &#8220;cocodrilo&#8221; que demanda imperativamente ser renovada, as\u00ed como la insuficiencia de abastecimiento de agua atribuible al acelerado ritmo de desarrollo de proyectos inmobiliarios en la zona\u201d, le comentaron.<\/p>\n\n\n\n<p>Villal\u00f3n, abanderando el cambio en Santiago, ha exhibido a trav\u00e9s de esta cercan\u00eda su disposici\u00f3n para escuchar y actuar en pro del bienestar colectivo. Su compromiso en pos de la mejora de San Francisco y su visi\u00f3n de una transformaci\u00f3n real inspiran confianza en los santiaguenses.<\/p>\n\n\n\n<p>Con gestos de empat\u00eda, Maribel Villal\u00f3n dijo que, juntos con su voto el 2 de junio a favor de Morena, har\u00e1n equipo para trabajar incansablemente por un futuro mas pr\u00f3spero y equitativo para todos los habitantes de Santiago.<\/p>\n","protected":false},"excerpt":{"rendered":"<p>Santiago, N. L.- Ante habitantes de San Francisco, a quienes visit\u00f3 casa por casa, la candidata de Morena a la alcald\u00eda de Santiago Maribel Villal\u00f3n Gonz\u00e1lez dijo que desde la presidencia municipal ser\u00e1 una gestora incansable para que los programas federales y las pol\u00edticas p\u00fablicas del gobierno de Claudia Sheinbaum beneficien a todas las familias [&hellip;]<\/p>\n","protected":false},"author":1,"featured_media":119314,"comment_status":"open","ping_status":"open","sticky":true,"template":"","format":"standard","meta":{"footnotes":""},"categories":[14,6],"tags":[],"_links":{"self":[{"href":"https:\/\/diariodigitalmx.com\/index.php\/wp-json\/wp\/v2\/posts\/119312"}],"collection":[{"href":"https:\/\/diariodigitalmx.com\/index.php\/wp-json\/wp\/v2\/posts"}],"about":[{"href":"https:\/\/diariodigitalmx.com\/index.php\/wp-json\/wp\/v2\/types\/post"}],"author":[{"embeddable":true,"href":"https:\/\/diariodigitalmx.com\/index.php\/wp-json\/wp\/v2\/users\/1"}],"replies":[{"embeddable":true,"href":"https:\/\/diariodigitalmx.com\/index.php\/wp-json\/wp\/v2\/comments?post=119312"}],"version-history":[{"count":3,"href":"https:\/\/diariodigitalmx.com\/index.php\/wp-json\/wp\/v2\/posts\/119312\/revisions"}],"predecessor-version":[{"id":119319,"href":"https:\/\/diariodigitalmx.com\/index.php\/wp-json\/wp\/v2\/posts\/119312\/revisions\/119319"}],"wp:featuredmedia":[{"embeddable":true,"href":"https:\/\/diariodigitalmx.com\/index.php\/wp-json\/wp\/v2\/media\/119314"}],"wp:attachment":[{"href":"https:\/\/diariodigitalmx.com\/index.php\/wp-json\/wp\/v2\/media?parent=119312"}],"wp:term":[{"taxonomy":"category","embeddable":true,"href":"https:\/\/diariodigitalmx.com\/index.php\/wp-json\/wp\/v2\/categories?post=119312"},{"taxonomy":"post_tag","embeddable":true,"href":"https:\/\/diariodigitalmx.com\/index.php\/wp-json\/wp\/v2\/tags?post=119312"}],"curies":[{"name":"wp","href":"https:\/\/api.w.org\/{rel}","templated":true}]}}