{"id":119320,"date":"2024-05-19T18:01:52","date_gmt":"2024-05-19T23:01:52","guid":{"rendered":"https:\/\/diariodigitalmx.com\/?p=119320"},"modified":"2024-05-19T18:03:37","modified_gmt":"2024-05-19T23:03:37","slug":"se-suma-jose-luis-garza-ochoa-a-manifestacion-por-la-democracia","status":"publish","type":"post","link":"https:\/\/diariodigitalmx.com\/index.php\/2024\/05\/19\/se-suma-jose-luis-garza-ochoa-a-manifestacion-por-la-democracia\/","title":{"rendered":"Se suma Jos\u00e9 Luis Garza Ochoa a manifestaci\u00f3n por la democracia"},"content":{"rendered":"\n<figure class=\"wp-block-image size-large\"><img loading=\"lazy\" decoding=\"async\" width=\"1024\" height=\"682\" src=\"https:\/\/diariodigitalmx.com\/wp-content\/uploads\/2024\/05\/ea6c74a2-a1d0-4fc1-8d85-5faea388db05-1024x682.jpg\" alt=\"\" class=\"wp-image-119323\" srcset=\"https:\/\/diariodigitalmx.com\/wp-content\/uploads\/2024\/05\/ea6c74a2-a1d0-4fc1-8d85-5faea388db05-1024x682.jpg 1024w, https:\/\/diariodigitalmx.com\/wp-content\/uploads\/2024\/05\/ea6c74a2-a1d0-4fc1-8d85-5faea388db05-300x200.jpg 300w, https:\/\/diariodigitalmx.com\/wp-content\/uploads\/2024\/05\/ea6c74a2-a1d0-4fc1-8d85-5faea388db05-768x512.jpg 768w, https:\/\/diariodigitalmx.com\/wp-content\/uploads\/2024\/05\/ea6c74a2-a1d0-4fc1-8d85-5faea388db05.jpg 1280w\" sizes=\"(max-width: 1024px) 100vw, 1024px\" \/><\/figure>\n\n\n\n<p><strong>Monterrey, NL. &#8211;<\/strong> El candidato a la alcald\u00eda de Guadalupe por la Coalici\u00f3n PRI, PAN y PRD, Jos\u00e9 Luis Garza Ochoa, se sum\u00f3 hoy a los miles de nuevoleoneses que se manifestaron en forma pac\u00edfica con una Mega Concentraci\u00f3n c\u00edvica en apoyo a la candidata a la Presidencia de M\u00e9xico por la coalici\u00f3n Fuerza y Coraz\u00f3n por M\u00e9xico, X\u00f3chitl G\u00e1lvez y a la democracia en M\u00e9xico.<\/p>\n\n\n\n<p>Personas de todas las edades, familias enteras y organismos civiles se congregaron en la Explanada del Museo de Historia Mexicana para manifestar su rechazo a las pol\u00edticas del actual gobierno de Morena y proponer un cambio en las elecciones del dos de junio que redireccione el rumbo de M\u00e9xico en los pr\u00f3ximos seis a\u00f1os de Gobierno.<\/p>\n\n\n\n<p>La concentraci\u00f3n denominada \u201cMarea Rosa\u201d se llev\u00f3 a cabo en las principales ciudades del Pa\u00eds; en Nuevo Le\u00f3n fue convocada por los organismos civiles, Poder Ciudadano, Sociedad Civil de M\u00e9xico y Frente C\u00edvico Nacional, que adem\u00e1s promueven la democracia y el derecho al voto en M\u00e9xico.<\/p>\n\n\n\n<p>Jos\u00e9 Luis Garza Ochoa dijo que \u201chay algo que a toda la sociedad civil y a las y los candidatos nos une hoy aqu\u00ed y es el profundo amor por este Pa\u00eds, un M\u00e9xico que queremos salvar de lo que ha hecho Morena, principalmente, y Movimiento Ciudadano\u201d.<\/p>\n\n\n\n<p>\u201cQueremos el M\u00e9xico que hemos estado perdiendo, queremos un M\u00e9xico sin miedo, un M\u00e9xico con seguridad y un M\u00e9xico que tenga muchas oportunidades para todos quienes habitamos aqu\u00ed, y principalmente, cero violencia contra quienes piensan distinto a quienes hoy est\u00e1n en el Gobierno\u201d, expres\u00f3 Garza Ochoa.<\/p>\n\n\n\n<p>Remarc\u00f3 la importancia de defender la Rep\u00fablica en cuanto a una libertad democr\u00e1tica y con justicia de las instituciones para corregir el rumbo que est\u00e1 llevando este mal Gobierno a todos los mexicanos.<\/p>\n\n\n\n<p>Garza Ochoa se\u00f1al\u00f3 que se observa y percibe al pa\u00eds en un riesgo latente para dar pasos hacia atr\u00e1s y que estamos a tiempo de redirigir el rumbo, pero necesitamos el mayor n\u00famero de participaci\u00f3n ciudadana en las pr\u00f3ximas elecciones del dos de junio.<\/p>\n\n\n\n<p>Refiri\u00f3 que este es un ejercicio c\u00edvico a nivel nacional para concientizar a los ciudadanos con un sentido de responsabilidad de hacia d\u00f3nde queremos ir. \u201cSe trata no s\u00f3lo el destino de la naci\u00f3n, tambi\u00e9n de uno mismo y el de nuestros hijos, de nuestros padres, de nuestros nietos\u201d, a\u00f1adi\u00f3.<\/p>\n","protected":false},"excerpt":{"rendered":"<p>Monterrey, NL. &#8211; El candidato a la alcald\u00eda de Guadalupe por la Coalici\u00f3n PRI, PAN y PRD, Jos\u00e9 Luis Garza Ochoa, se sum\u00f3 hoy a los miles de nuevoleoneses que se manifestaron en forma pac\u00edfica con una Mega Concentraci\u00f3n c\u00edvica en apoyo a la candidata a la Presidencia de M\u00e9xico por la coalici\u00f3n Fuerza y [&hellip;]<\/p>\n","protected":false},"author":1,"featured_media":119322,"comment_status":"open","ping_status":"open","sticky":true,"template":"","format":"standard","meta":{"footnotes":""},"categories":[14,6],"tags":[],"_links":{"self":[{"href":"https:\/\/diariodigitalmx.com\/index.php\/wp-json\/wp\/v2\/posts\/119320"}],"collection":[{"href":"https:\/\/diariodigitalmx.com\/index.php\/wp-json\/wp\/v2\/posts"}],"about":[{"href":"https:\/\/diariodigitalmx.com\/index.php\/wp-json\/wp\/v2\/types\/post"}],"author":[{"embeddable":true,"href":"https:\/\/diariodigitalmx.com\/index.php\/wp-json\/wp\/v2\/users\/1"}],"replies":[{"embeddable":true,"href":"https:\/\/diariodigitalmx.com\/index.php\/wp-json\/wp\/v2\/comments?post=119320"}],"version-history":[{"count":2,"href":"https:\/\/diariodigitalmx.com\/index.php\/wp-json\/wp\/v2\/posts\/119320\/revisions"}],"predecessor-version":[{"id":119324,"href":"https:\/\/diariodigitalmx.com\/index.php\/wp-json\/wp\/v2\/posts\/119320\/revisions\/119324"}],"wp:featuredmedia":[{"embeddable":true,"href":"https:\/\/diariodigitalmx.com\/index.php\/wp-json\/wp\/v2\/media\/119322"}],"wp:attachment":[{"href":"https:\/\/diariodigitalmx.com\/index.php\/wp-json\/wp\/v2\/media?parent=119320"}],"wp:term":[{"taxonomy":"category","embeddable":true,"href":"https:\/\/diariodigitalmx.com\/index.php\/wp-json\/wp\/v2\/categories?post=119320"},{"taxonomy":"post_tag","embeddable":true,"href":"https:\/\/diariodigitalmx.com\/index.php\/wp-json\/wp\/v2\/tags?post=119320"}],"curies":[{"name":"wp","href":"https:\/\/api.w.org\/{rel}","templated":true}]}}