{"id":119335,"date":"2024-05-19T18:20:12","date_gmt":"2024-05-19T23:20:12","guid":{"rendered":"https:\/\/diariodigitalmx.com\/?p=119335"},"modified":"2024-05-19T18:21:48","modified_gmt":"2024-05-19T23:21:48","slug":"habilitara-mijes-estancia-temporal-para-adultos-mayores","status":"publish","type":"post","link":"https:\/\/diariodigitalmx.com\/index.php\/2024\/05\/19\/habilitara-mijes-estancia-temporal-para-adultos-mayores\/","title":{"rendered":"Habilitar\u00e1 Mijes estancia temporal para adultos mayores"},"content":{"rendered":"\n<p>Andr\u00e9s Mijes anunci\u00f3 que se reforzar\u00e1n acciones para las personas de la tercera edad y construir\u00e1 un nuevo centro donde los adultos mayores sean protegidos, cuidados y atendidos.<\/p>\n\n\n\n<p>En camino a cerrar la brecha de desigualdad, el Candidato de la coalici\u00f3n \u201cSigamos Haciendo Historia\u201d dio a conocer que la nueva Casa Club del Adulto Mayor dar\u00e1 atenci\u00f3n a las personas de la tercera edad que se encuentran en riesgo.<\/p>\n\n\n\n<figure class=\"wp-block-image size-large\"><img loading=\"lazy\" decoding=\"async\" width=\"1024\" height=\"682\" src=\"https:\/\/diariodigitalmx.com\/wp-content\/uploads\/2024\/05\/photo_5066756731815701988_y-1024x682.jpg\" alt=\"\" class=\"wp-image-119338\" srcset=\"https:\/\/diariodigitalmx.com\/wp-content\/uploads\/2024\/05\/photo_5066756731815701988_y-1024x682.jpg 1024w, https:\/\/diariodigitalmx.com\/wp-content\/uploads\/2024\/05\/photo_5066756731815701988_y-300x200.jpg 300w, https:\/\/diariodigitalmx.com\/wp-content\/uploads\/2024\/05\/photo_5066756731815701988_y-768x511.jpg 768w, https:\/\/diariodigitalmx.com\/wp-content\/uploads\/2024\/05\/photo_5066756731815701988_y.jpg 1280w\" sizes=\"(max-width: 1024px) 100vw, 1024px\" \/><\/figure>\n\n\n\n<p>\u201cYa tenemos una Casa del Adulto Mayor, pero vamos a trabajar en una estancia donde las personas de la tercera edad se sientan seguras, este nuevo centro no ser\u00e1 tal cual un asilo, pero, es un lugar donde velaremos por los adultos mayores que viven abandono o violencia, los vamos a cuidar y tratar para luego canalizarlos a las instancias donde puedan ser atendidos de forma especializada\u201d, mencion\u00f3.<\/p>\n\n\n\n<figure class=\"wp-block-image size-large\"><img loading=\"lazy\" decoding=\"async\" width=\"1024\" height=\"682\" src=\"https:\/\/diariodigitalmx.com\/wp-content\/uploads\/2024\/05\/IMG_8472-1024x682.jpg\" alt=\"\" class=\"wp-image-119341\" srcset=\"https:\/\/diariodigitalmx.com\/wp-content\/uploads\/2024\/05\/IMG_8472-1024x682.jpg 1024w, https:\/\/diariodigitalmx.com\/wp-content\/uploads\/2024\/05\/IMG_8472-300x200.jpg 300w, https:\/\/diariodigitalmx.com\/wp-content\/uploads\/2024\/05\/IMG_8472-768x512.jpg 768w, https:\/\/diariodigitalmx.com\/wp-content\/uploads\/2024\/05\/IMG_8472-1536x1023.jpg 1536w, https:\/\/diariodigitalmx.com\/wp-content\/uploads\/2024\/05\/IMG_8472-2048x1364.jpg 2048w\" sizes=\"(max-width: 1024px) 100vw, 1024px\" \/><\/figure>\n\n\n\n<p>La nueva Casa Club del Adulto mayor ser\u00e1 un centro de convivencia e integraci\u00f3n, adem\u00e1s brindar\u00e1 estancia temporal a ciudadanos de la tercera edad que con o sin familia viven en el desamparo o atraviesen una situaci\u00f3n de violencia.<\/p>\n\n\n\n<p>Adem\u00e1s de actividades recreativa, los adultos mayores que lleguen a esta Casa Club se les brindar\u00e1 alimento, atenci\u00f3n m\u00e9dica geri\u00e1trica y contar\u00e1n con dormitorios, cabe precisar que la estad\u00eda en este lugar es temporal.<\/p>\n\n\n\n<p>&nbsp;Este nuevo centro estar\u00e1 ubicado en Avenida Constituci\u00f3n entre Articulo 72 y Paseo de las Aves en la Colonia Alianza Real<\/p>\n\n\n\n<p>Mijes, a\u00f1adi\u00f3 que de ganar este dos de junio, los adultos mayores podr\u00e1n acceder a otros programas que los impulsen a activarse f\u00edsicamente con actividades deportivas y l\u00fadicas, adem\u00e1s de otras acciones que los empujen a emprender sus propios negocios.<\/p>\n","protected":false},"excerpt":{"rendered":"<p>Andr\u00e9s Mijes anunci\u00f3 que se reforzar\u00e1n acciones para las personas de la tercera edad y construir\u00e1 un nuevo centro donde los adultos mayores sean protegidos, cuidados y atendidos. En camino a cerrar la brecha de desigualdad, el Candidato de la coalici\u00f3n \u201cSigamos Haciendo Historia\u201d dio a conocer que la nueva Casa Club del Adulto Mayor [&hellip;]<\/p>\n","protected":false},"author":1,"featured_media":119337,"comment_status":"open","ping_status":"open","sticky":true,"template":"","format":"standard","meta":{"footnotes":""},"categories":[14,6],"tags":[],"_links":{"self":[{"href":"https:\/\/diariodigitalmx.com\/index.php\/wp-json\/wp\/v2\/posts\/119335"}],"collection":[{"href":"https:\/\/diariodigitalmx.com\/index.php\/wp-json\/wp\/v2\/posts"}],"about":[{"href":"https:\/\/diariodigitalmx.com\/index.php\/wp-json\/wp\/v2\/types\/post"}],"author":[{"embeddable":true,"href":"https:\/\/diariodigitalmx.com\/index.php\/wp-json\/wp\/v2\/users\/1"}],"replies":[{"embeddable":true,"href":"https:\/\/diariodigitalmx.com\/index.php\/wp-json\/wp\/v2\/comments?post=119335"}],"version-history":[{"count":4,"href":"https:\/\/diariodigitalmx.com\/index.php\/wp-json\/wp\/v2\/posts\/119335\/revisions"}],"predecessor-version":[{"id":119342,"href":"https:\/\/diariodigitalmx.com\/index.php\/wp-json\/wp\/v2\/posts\/119335\/revisions\/119342"}],"wp:featuredmedia":[{"embeddable":true,"href":"https:\/\/diariodigitalmx.com\/index.php\/wp-json\/wp\/v2\/media\/119337"}],"wp:attachment":[{"href":"https:\/\/diariodigitalmx.com\/index.php\/wp-json\/wp\/v2\/media?parent=119335"}],"wp:term":[{"taxonomy":"category","embeddable":true,"href":"https:\/\/diariodigitalmx.com\/index.php\/wp-json\/wp\/v2\/categories?post=119335"},{"taxonomy":"post_tag","embeddable":true,"href":"https:\/\/diariodigitalmx.com\/index.php\/wp-json\/wp\/v2\/tags?post=119335"}],"curies":[{"name":"wp","href":"https:\/\/api.w.org\/{rel}","templated":true}]}}