{"id":119358,"date":"2024-05-20T07:15:24","date_gmt":"2024-05-20T12:15:24","guid":{"rendered":"https:\/\/diariodigitalmx.com\/?p=119358"},"modified":"2024-05-20T07:16:20","modified_gmt":"2024-05-20T12:16:20","slug":"los-barrotes","status":"publish","type":"post","link":"https:\/\/diariodigitalmx.com\/index.php\/2024\/05\/20\/los-barrotes\/","title":{"rendered":"Los barrotes"},"content":{"rendered":"\n<p>Gerson G\u00f3mez Salas <\/p>\n\n\n\n<p>Puede m\u00e1s Car\u00edn Le\u00f3n a la ola Rosa. Disculpe usted. A la Marea Rosa. La corriente opositora contra la candidata oficialista del segundo piso de la 4T.<\/p>\n\n\n\n<p>Don Car\u00edn quien hace semanas pidi\u00f3 su periquito, referencia a la coca\u00edna, fue el invitado a presentarse la noche del 19 de Mayo, pagado por el gobierno del estado de Nuevo Le\u00f3n, de Don Samuel Alejandro Garc\u00eda Sep\u00falveda y la Secretaria de Cultura de Melissa Segura.<\/p>\n\n\n\n<p>A la ola rosa, la ciudadana, le qued\u00f3 solo uno de los escalones laterales del museo de Historia Mexicana. Para la cantidad de ciudadanos, la mayor\u00eda de San Pedro Garza Garc\u00eda, a rogar a la Sant\u00edsima por aplicar el freno al comunismo de los candidatos de MORENA y asociados.<\/p>\n\n\n\n<p>Todos a votar. Evitemos otros seis a\u00f1os en que vivimos como en Venezuela, y Cuba, como todos los pa\u00edses socialistas de la humanidad.<\/p>\n\n\n\n<p>Ya es el momento de enviar a prisi\u00f3n a todos aquellos a quienes la infeligres\u00eda le dio la confianza con el voto en el 2018.<\/p>\n\n\n\n<p>Condenados estar\u00e1n como lo siguen estando los padres de la patria, Hidalgo y Morelos, seg\u00fan la orden del santo oficio.<\/p>\n\n\n\n<p>Todos con X. h\u00e1ganlo por el amor de Dios. Por sus madrecitas lindas. Por sus hijos, quienes estudian en el extranjero. El d\u00f3lar se va a poner a 50 pesos por unidad. Comeremos de los botes de basura. El costo de la gasolina hasta las nubes. Aqu\u00ed la vida no vale nada y si siguen en el poder, los espurios, los adoradores del mal, la ola rosa, disculpe usted, la marcha solidaria para mejorar el sistema pol\u00edtico mexicano, atravesaran el coraz\u00f3n de nuestra madre virgen.<\/p>\n\n\n\n<p>Ella que tanto sufre en el cerro del Tepeyac por todos los mexicanos, Incluyendo los socialistas de MORENA, PT y el PVEM.<\/p>\n\n\n\n<p>A ver si a Car\u00edn Le\u00f3n le dan su periquito para andar igual a los de la ola rosa.<\/p>\n","protected":false},"excerpt":{"rendered":"<p>Gerson G\u00f3mez Salas Puede m\u00e1s Car\u00edn Le\u00f3n a la ola Rosa. Disculpe usted. A la Marea Rosa. La corriente opositora contra la candidata oficialista del segundo piso de la 4T. Don Car\u00edn quien hace semanas pidi\u00f3 su periquito, referencia a la coca\u00edna, fue el invitado a presentarse la noche del 19 de Mayo, pagado por [&hellip;]<\/p>\n","protected":false},"author":1,"featured_media":119360,"comment_status":"open","ping_status":"open","sticky":true,"template":"","format":"standard","meta":{"footnotes":""},"categories":[14,12],"tags":[],"_links":{"self":[{"href":"https:\/\/diariodigitalmx.com\/index.php\/wp-json\/wp\/v2\/posts\/119358"}],"collection":[{"href":"https:\/\/diariodigitalmx.com\/index.php\/wp-json\/wp\/v2\/posts"}],"about":[{"href":"https:\/\/diariodigitalmx.com\/index.php\/wp-json\/wp\/v2\/types\/post"}],"author":[{"embeddable":true,"href":"https:\/\/diariodigitalmx.com\/index.php\/wp-json\/wp\/v2\/users\/1"}],"replies":[{"embeddable":true,"href":"https:\/\/diariodigitalmx.com\/index.php\/wp-json\/wp\/v2\/comments?post=119358"}],"version-history":[{"count":1,"href":"https:\/\/diariodigitalmx.com\/index.php\/wp-json\/wp\/v2\/posts\/119358\/revisions"}],"predecessor-version":[{"id":119359,"href":"https:\/\/diariodigitalmx.com\/index.php\/wp-json\/wp\/v2\/posts\/119358\/revisions\/119359"}],"wp:featuredmedia":[{"embeddable":true,"href":"https:\/\/diariodigitalmx.com\/index.php\/wp-json\/wp\/v2\/media\/119360"}],"wp:attachment":[{"href":"https:\/\/diariodigitalmx.com\/index.php\/wp-json\/wp\/v2\/media?parent=119358"}],"wp:term":[{"taxonomy":"category","embeddable":true,"href":"https:\/\/diariodigitalmx.com\/index.php\/wp-json\/wp\/v2\/categories?post=119358"},{"taxonomy":"post_tag","embeddable":true,"href":"https:\/\/diariodigitalmx.com\/index.php\/wp-json\/wp\/v2\/tags?post=119358"}],"curies":[{"name":"wp","href":"https:\/\/api.w.org\/{rel}","templated":true}]}}