{"id":119454,"date":"2024-05-21T07:51:40","date_gmt":"2024-05-21T12:51:40","guid":{"rendered":"https:\/\/diariodigitalmx.com\/?p=119454"},"modified":"2024-05-21T07:53:02","modified_gmt":"2024-05-21T12:53:02","slug":"asi-roba-con-violencia-video","status":"publish","type":"post","link":"https:\/\/diariodigitalmx.com\/index.php\/2024\/05\/21\/asi-roba-con-violencia-video\/","title":{"rendered":"As\u00ed roba con violencia (video)"},"content":{"rendered":"\n<figure class=\"wp-block-video\"><video controls src=\"http:\/\/diariodigitalmx.com\/wp-content\/uploads\/2024\/05\/VID-20240521-WA0006.mp4\"><\/video><\/figure>\n\n\n\n<p>Un hombre que asalt\u00f3 a una persona , agredi\u00e9ndolo a golpes y amenazarlo con un cuchillo, fue detenido por oficiales de la Polic\u00eda de Monterrey, en el centro de la ciudad.<\/p>\n\n\n\n<p>La detenci\u00f3n de Oscar Zeferino M., de 24 a\u00f1os de edad, se registr\u00f3 a las 03:00 horas, en Cuauht\u00e9moc e Isaac Garza.<\/p>\n\n\n\n<p>Elementos de la Polic\u00eda de Monterrey realizaban un recorrido por el sector, cuando varias personas les mencionaron que hab\u00eda un hombre tirado y que hab\u00eda sido golpeado por varias personas.<\/p>\n\n\n\n<p>Tras atender y ayudar al afectado de 28 a\u00f1os de edad, este les inform\u00f3 que uno de los agresores era el que iba corriendo a unos metros del lugar, por lo que los oficiales lo siguieron y detuvieron.<\/p>\n\n\n\n<p>La v\u00edctima les explic\u00f3 a los polic\u00edas que \u00e9l iba caminando, cuando repentinamente el joven que ahora se encuentra detenido, lo amag\u00f3 con un cuchillo y lo empez\u00f3 a golpear, despoj\u00e1ndolo de una mochila donde tra\u00eda sus dos celulares.<\/p>\n\n\n\n<p>Dijo que para no ser agredido no opuso resistencia, pero el presunto lo golpe\u00f3 para despojarlo de sus pertenencias.<\/p>\n\n\n\n<p>Se presume que otras personas participaron tambi\u00e9n en el asalto, lo que ya es investigado por las autoridades y si han cometido otros hechos il\u00edcitos en la zona.<\/p>\n\n\n\n<p>El detenido fue traslado a las instalaciones de la Polic\u00eda de Monterrey, donde qued\u00f3 a disposici\u00f3n del Ministerio P\u00fablico.<\/p>\n","protected":false},"excerpt":{"rendered":"<p>Un hombre que asalt\u00f3 a una persona , agredi\u00e9ndolo a golpes y amenazarlo con un cuchillo, fue detenido por oficiales de la Polic\u00eda de Monterrey, en el centro de la ciudad. La detenci\u00f3n de Oscar Zeferino M., de 24 a\u00f1os de edad, se registr\u00f3 a las 03:00 horas, en Cuauht\u00e9moc e Isaac Garza. Elementos de [&hellip;]<\/p>\n","protected":false},"author":1,"featured_media":119456,"comment_status":"open","ping_status":"open","sticky":true,"template":"","format":"standard","meta":{"footnotes":""},"categories":[14,7],"tags":[],"_links":{"self":[{"href":"https:\/\/diariodigitalmx.com\/index.php\/wp-json\/wp\/v2\/posts\/119454"}],"collection":[{"href":"https:\/\/diariodigitalmx.com\/index.php\/wp-json\/wp\/v2\/posts"}],"about":[{"href":"https:\/\/diariodigitalmx.com\/index.php\/wp-json\/wp\/v2\/types\/post"}],"author":[{"embeddable":true,"href":"https:\/\/diariodigitalmx.com\/index.php\/wp-json\/wp\/v2\/users\/1"}],"replies":[{"embeddable":true,"href":"https:\/\/diariodigitalmx.com\/index.php\/wp-json\/wp\/v2\/comments?post=119454"}],"version-history":[{"count":2,"href":"https:\/\/diariodigitalmx.com\/index.php\/wp-json\/wp\/v2\/posts\/119454\/revisions"}],"predecessor-version":[{"id":119459,"href":"https:\/\/diariodigitalmx.com\/index.php\/wp-json\/wp\/v2\/posts\/119454\/revisions\/119459"}],"wp:featuredmedia":[{"embeddable":true,"href":"https:\/\/diariodigitalmx.com\/index.php\/wp-json\/wp\/v2\/media\/119456"}],"wp:attachment":[{"href":"https:\/\/diariodigitalmx.com\/index.php\/wp-json\/wp\/v2\/media?parent=119454"}],"wp:term":[{"taxonomy":"category","embeddable":true,"href":"https:\/\/diariodigitalmx.com\/index.php\/wp-json\/wp\/v2\/categories?post=119454"},{"taxonomy":"post_tag","embeddable":true,"href":"https:\/\/diariodigitalmx.com\/index.php\/wp-json\/wp\/v2\/tags?post=119454"}],"curies":[{"name":"wp","href":"https:\/\/api.w.org\/{rel}","templated":true}]}}