{"id":1195,"date":"2019-03-16T11:30:13","date_gmt":"2019-03-16T17:30:13","guid":{"rendered":"http:\/\/diariodigitalmx.com\/?p=1195"},"modified":"2019-03-16T11:30:14","modified_gmt":"2019-03-16T17:30:14","slug":"cultura-vial-respeto-al-reglamento-de-transito-y-el-no-uso-del-celular-previenen-muertes-y-accidentes-se-suman-comerciantes-de-la-froc-monterrey-a-campana","status":"publish","type":"post","link":"https:\/\/diariodigitalmx.com\/index.php\/2019\/03\/16\/cultura-vial-respeto-al-reglamento-de-transito-y-el-no-uso-del-celular-previenen-muertes-y-accidentes-se-suman-comerciantes-de-la-froc-monterrey-a-campana\/","title":{"rendered":"Cultura vial, respeto al reglamento de tr\u00e1nsito y el no uso del celular, previenen muertes y accidentes; se suman comerciantes de la FROC Monterrey a campa\u00f1a"},"content":{"rendered":"\n<p>David Casas<br><\/p>\n\n\n\n<p>Alrededor de veinte mil comerciantes\n afiliados a la Federaci\u00f3n Revolucionaria de Obreros y Campesinos &#8211; FROC- se sumaron al programa de capacitaci\u00f3n vial que emprendi\u00f3 la FESTA de esa central obrera, que encabeza Osvaldo Serna Serv\u00edn.<br><\/p>\n\n\n\n<p>El secretario general de la\n CROC en Monterrey y dirigente nacional de los trabajadores No Asalariados, Gilberto V\u00e1zquez calific\u00f3 prioritario el curso al que se han sometido taxistas y operadores del gremio que diirge Serna Servin, por lo que ellos tambi\u00e9n se suman para prevenir y disminuir\n las muertes y accidentes al volante.<br><\/p>\n\n\n\n<p>V\u00e1zquez que asisti\u00f3 a la capacitaci\u00f3n\n de operadores de camiones y taxistas, considera que los cursos deben extenderse a trabajadores de mercados rodantes, fijos y semifijos para dar continuidad al programa que inici\u00f3 Osvaldo Serna con el Municipio de Monterrey a trav\u00e9s de la Secretar\u00eda de Vialidad\n y Transporte.<br><\/p>\n\n\n\n<p>\u201cMonterrey ocupa un lugar importante\n en cuanto a accidentes viales en el Pa\u00eds, por lo que nos sumamos a esa campa\u00f1a tendiente al buen manejo y disminuir de esa forma los accidentes h las muertes de personas\u201d.<br><\/p>\n\n\n\n<p>\u201cConocer a fondo el reglamento\n de tr\u00e1nsito, saber c\u00f3mo actuar en caso de accidente o de condiciones climatol\u00f3gicas adversas es fundamental para retomar la cultura de la vialidad\u201d, dice V\u00e1zquez.<br><\/p>\n\n\n\n<p>De esta forma buscan contribuir\n a la prevenci\u00f3n de accidentes en el trabajo, en la familia y que afecten a terceros por el mal manejo de veh\u00edculos.<br><\/p>\n\n\n\n<p>El dirigente croquista en Monterrey\n solicita a sus agremiados que dejen de lado el tel\u00e9fono celular que ha contribuido a m\u00faltiples accidentes y pidi\u00f3 tambi\u00e9n hacer conciencia del riesgo de combinar esa tecnolog\u00eda con el volante.<\/p>\n\n\n\n<p><\/p>\n","protected":false},"excerpt":{"rendered":"<p>David Casas Alrededor de veinte mil comerciantes afiliados a la Federaci\u00f3n Revolucionaria de Obreros y Campesinos &#8211; FROC- se sumaron al programa de capacitaci\u00f3n vial que emprendi\u00f3 la FESTA de esa central obrera, que encabeza Osvaldo Serna Serv\u00edn. El secretario general de la CROC en Monterrey y dirigente nacional de los trabajadores No Asalariados, Gilberto [&hellip;]<\/p>\n","protected":false},"author":1,"featured_media":1196,"comment_status":"open","ping_status":"open","sticky":true,"template":"","format":"standard","meta":{"footnotes":""},"categories":[6,3],"tags":[],"_links":{"self":[{"href":"https:\/\/diariodigitalmx.com\/index.php\/wp-json\/wp\/v2\/posts\/1195"}],"collection":[{"href":"https:\/\/diariodigitalmx.com\/index.php\/wp-json\/wp\/v2\/posts"}],"about":[{"href":"https:\/\/diariodigitalmx.com\/index.php\/wp-json\/wp\/v2\/types\/post"}],"author":[{"embeddable":true,"href":"https:\/\/diariodigitalmx.com\/index.php\/wp-json\/wp\/v2\/users\/1"}],"replies":[{"embeddable":true,"href":"https:\/\/diariodigitalmx.com\/index.php\/wp-json\/wp\/v2\/comments?post=1195"}],"version-history":[{"count":1,"href":"https:\/\/diariodigitalmx.com\/index.php\/wp-json\/wp\/v2\/posts\/1195\/revisions"}],"predecessor-version":[{"id":1197,"href":"https:\/\/diariodigitalmx.com\/index.php\/wp-json\/wp\/v2\/posts\/1195\/revisions\/1197"}],"wp:featuredmedia":[{"embeddable":true,"href":"https:\/\/diariodigitalmx.com\/index.php\/wp-json\/wp\/v2\/media\/1196"}],"wp:attachment":[{"href":"https:\/\/diariodigitalmx.com\/index.php\/wp-json\/wp\/v2\/media?parent=1195"}],"wp:term":[{"taxonomy":"category","embeddable":true,"href":"https:\/\/diariodigitalmx.com\/index.php\/wp-json\/wp\/v2\/categories?post=1195"},{"taxonomy":"post_tag","embeddable":true,"href":"https:\/\/diariodigitalmx.com\/index.php\/wp-json\/wp\/v2\/tags?post=1195"}],"curies":[{"name":"wp","href":"https:\/\/api.w.org\/{rel}","templated":true}]}}