{"id":119506,"date":"2024-05-22T07:27:53","date_gmt":"2024-05-22T12:27:53","guid":{"rendered":"https:\/\/diariodigitalmx.com\/?p=119506"},"modified":"2024-05-22T07:29:18","modified_gmt":"2024-05-22T12:29:18","slug":"santiago-optara-por-un-cambio-real-sin-corrupcion-ni-privilegios-maribel-villalon","status":"publish","type":"post","link":"https:\/\/diariodigitalmx.com\/index.php\/2024\/05\/22\/santiago-optara-por-un-cambio-real-sin-corrupcion-ni-privilegios-maribel-villalon\/","title":{"rendered":"Santiago optar\u00e1 por un cambio real, sin corrupci\u00f3n ni privilegios: Maribel Villal\u00f3n"},"content":{"rendered":"\n<p>A medida que se acercan las elecciones, Maribel Villal\u00f3n Gonz\u00e1lez, candidata de Morena para la alcald\u00eda de Santiago, ha expresado su confianza de que la ciudadan\u00eda optar\u00e1 por su partido, por un cambio real y por la transformaci\u00f3n que requiere el municipio, para acabar con la corrupci\u00f3n, el rezago en infraestructura y la ineficiencia en la cobertura y en la calidad de los servicios p\u00fablicos.<\/p>\n\n\n\n<p>\u201cSantiago ha sido gobernado por el mismo grupo pol\u00edtico desde hace much\u00edsimos a\u00f1os, y la ciudadan\u00eda anhela un cambio real, la llegada de un gobierno honesto, transparente, comprometido con la rendici\u00f3n de cuentas y el bienestar de la gente\u201d, expres\u00f3 la candidata.<\/p>\n\n\n\n<figure class=\"wp-block-image size-large\"><img loading=\"lazy\" decoding=\"async\" width=\"768\" height=\"1024\" src=\"https:\/\/diariodigitalmx.com\/wp-content\/uploads\/2024\/05\/IMG-20240520-WA0180-768x1024.jpg\" alt=\"\" class=\"wp-image-119510\" srcset=\"https:\/\/diariodigitalmx.com\/wp-content\/uploads\/2024\/05\/IMG-20240520-WA0180-768x1024.jpg 768w, https:\/\/diariodigitalmx.com\/wp-content\/uploads\/2024\/05\/IMG-20240520-WA0180-225x300.jpg 225w, https:\/\/diariodigitalmx.com\/wp-content\/uploads\/2024\/05\/IMG-20240520-WA0180-1152x1536.jpg 1152w, https:\/\/diariodigitalmx.com\/wp-content\/uploads\/2024\/05\/IMG-20240520-WA0180.jpg 1200w\" sizes=\"(max-width: 768px) 100vw, 768px\" \/><\/figure>\n\n\n\n<p>Maribel Villal\u00f3n refiri\u00f3 que, durante estas semanas de intensa campa\u00f1a, de visitas casa por casa, y recorridos por el centro, por las distintas colonias y comunidades de Santiago, ha tenido oportunidad de escuchar los sue\u00f1os y las preocupaciones de los santiaguenses; ha conocido sus demandas m\u00e1s sentidas y las problem\u00e1ticas que los aquejan\u201d.<\/p>\n\n\n\n<p>Por eso, asegur\u00f3, \u201cel \u00e9xito de nuestra campa\u00f1a se ver\u00e1 reflejado el 2 de junio, cuando los habitantes de Santiago acudan a las urnas para depositar su voto a favor del cambio real y transformador que representa Morena y la cuarta transformaci\u00f3n\u201d.<\/p>\n\n\n\n<p>Villal\u00f3n Gonz\u00e1lez, quien cuenta con una destacada trayectoria pol\u00edtica, con experiencia, con capacidad y comprometida con el bienestar de la gente, asegur\u00f3 que, cuenta con propuestas claras, y realistas para concretar un plan de gobierno que permita mejorar la calidad de vida de la ciudadan\u00eda de Santiago los pr\u00f3ximos a\u00f1os.<\/p>\n","protected":false},"excerpt":{"rendered":"<p>A medida que se acercan las elecciones, Maribel Villal\u00f3n Gonz\u00e1lez, candidata de Morena para la alcald\u00eda de Santiago, ha expresado su confianza de que la ciudadan\u00eda optar\u00e1 por su partido, por un cambio real y por la transformaci\u00f3n que requiere el municipio, para acabar con la corrupci\u00f3n, el rezago en infraestructura y la ineficiencia en [&hellip;]<\/p>\n","protected":false},"author":1,"featured_media":119508,"comment_status":"open","ping_status":"open","sticky":true,"template":"","format":"standard","meta":{"footnotes":""},"categories":[6,5],"tags":[],"_links":{"self":[{"href":"https:\/\/diariodigitalmx.com\/index.php\/wp-json\/wp\/v2\/posts\/119506"}],"collection":[{"href":"https:\/\/diariodigitalmx.com\/index.php\/wp-json\/wp\/v2\/posts"}],"about":[{"href":"https:\/\/diariodigitalmx.com\/index.php\/wp-json\/wp\/v2\/types\/post"}],"author":[{"embeddable":true,"href":"https:\/\/diariodigitalmx.com\/index.php\/wp-json\/wp\/v2\/users\/1"}],"replies":[{"embeddable":true,"href":"https:\/\/diariodigitalmx.com\/index.php\/wp-json\/wp\/v2\/comments?post=119506"}],"version-history":[{"count":2,"href":"https:\/\/diariodigitalmx.com\/index.php\/wp-json\/wp\/v2\/posts\/119506\/revisions"}],"predecessor-version":[{"id":119511,"href":"https:\/\/diariodigitalmx.com\/index.php\/wp-json\/wp\/v2\/posts\/119506\/revisions\/119511"}],"wp:featuredmedia":[{"embeddable":true,"href":"https:\/\/diariodigitalmx.com\/index.php\/wp-json\/wp\/v2\/media\/119508"}],"wp:attachment":[{"href":"https:\/\/diariodigitalmx.com\/index.php\/wp-json\/wp\/v2\/media?parent=119506"}],"wp:term":[{"taxonomy":"category","embeddable":true,"href":"https:\/\/diariodigitalmx.com\/index.php\/wp-json\/wp\/v2\/categories?post=119506"},{"taxonomy":"post_tag","embeddable":true,"href":"https:\/\/diariodigitalmx.com\/index.php\/wp-json\/wp\/v2\/tags?post=119506"}],"curies":[{"name":"wp","href":"https:\/\/api.w.org\/{rel}","templated":true}]}}