{"id":119533,"date":"2024-05-22T22:14:40","date_gmt":"2024-05-23T03:14:40","guid":{"rendered":"https:\/\/diariodigitalmx.com\/?p=119533"},"modified":"2024-05-22T22:16:00","modified_gmt":"2024-05-23T03:16:00","slug":"se-desploma-escenario-en-evento-de-maynez-en-nl-hay-lesionados-que-recibieron-el-golpe-al-caer-la-estructura","status":"publish","type":"post","link":"https:\/\/diariodigitalmx.com\/index.php\/2024\/05\/22\/se-desploma-escenario-en-evento-de-maynez-en-nl-hay-lesionados-que-recibieron-el-golpe-al-caer-la-estructura\/","title":{"rendered":"Se desploma escenario en evento de M\u00e1ynez en NL; hay lesionados que recibieron el golpe al caer la estructura"},"content":{"rendered":"\n<figure class=\"wp-block-video\"><video controls src=\"http:\/\/diariodigitalmx.com\/wp-content\/uploads\/2024\/05\/3879mp4_.mp4\"><\/video><\/figure>\n\n\n\n<p>Monterrey . &#8211; Cuando vitoreaban a Jorge \u00c1lvarez M\u00e1ynez candidato presidencial de Movimiento Ciudadano, se desplom\u00f3 el escenario luego de una tormenta que se present\u00f3 en el municipio de San Pedro Garza Garc\u00eda, con un saldo no cuantificado de personas lesionadas.<\/p>\n\n\n\n<p>Cuerpos de socorro acudieron a auxiliar a las v\u00edctimas las que fueron llevadas a atenci\u00f3n m\u00e9dica, y que seg\u00fan los socorristas ser\u00edan decenas de lesionados.<\/p>\n\n\n\n<p>Ninguna autoridad ha sido una versi\u00f3n oficial pero los socorristas dicen que suman unas 80 personas lesionadas.<\/p>\n\n\n\n<p>M\u00e1ynez asisti\u00f3 al cierre de campa\u00f1a de Lorenia Canavati, candidata a la Alcald\u00eda de San Pedro Garza Garc\u00eda, evento en el que tambi\u00e9n estaba la aspirante al senador Martha Herrera.<\/p>\n\n\n\n<p>Cuando lanzaban v\u00edtores al candidato presidencial, de inmediato se present\u00f3 un viento fuerte que tir\u00f3 el escenario y con ello los candidatos corrieron a resguardarse.<\/p>\n\n\n\n<p>El evento se celebraba en el Campo de B\u00e9isbol El Obispo cuando vino el colaps\u00f3.<\/p>\n\n\n\n<p>Una lona gigantesca vol\u00f3 por los aires mientras la multitud corr\u00eda a refugiarse y lanzaba gritos.<\/p>\n\n\n\n<p>Y es que desde alrededor de las 18:00 horas se presentaron fuertes vientos<br>acompa\u00f1ados de algunos truenos y rel\u00e1mpagos en diversos sectores de la zona metropolitana regiomontana, y posteriormente algunas lluvias tambi\u00e9n.<\/p>\n\n\n\n<p>De acuerdo a la oficina de prensa de la candidata Canavati, ning\u00fan candidato result\u00f3 lesionado y no pas\u00f3 m\u00e1s all\u00e1 del susto.<\/p>\n\n\n\n<p>Maynez dijo en sus redes sociales que fue traslado a un hospital privado para una revisi\u00f3n, y a\u00f1adi\u00f3 que se daba seguimiento a los hechos para atender a las v\u00edctimas.<\/p>\n\n\n\n<p>&#8220;Tras el accidente en San Pedro Garza, donde una r\u00e1faga de viento derrumb\u00f3 el escenario en el que nos encontr\u00e1bamos, me traslad\u00e9 al hospital San Jos\u00e9. Estoy bien y en comunicaci\u00f3n con autoridades estatales para dar seguimiento a lo acontecido. Lo \u00fanico importante en estos momentos es atender a las v\u00edctimas del accidente&#8221;,<\/p>\n\n\n\n<p>Se\u00f1al\u00f3 que el fuerte viento derrumb\u00f3 el escenario.<\/p>\n","protected":false},"excerpt":{"rendered":"<p>Monterrey . &#8211; Cuando vitoreaban a Jorge \u00c1lvarez M\u00e1ynez candidato presidencial de Movimiento Ciudadano, se desplom\u00f3 el escenario luego de una tormenta que se present\u00f3 en el municipio de San Pedro Garza Garc\u00eda, con un saldo no cuantificado de personas lesionadas. Cuerpos de socorro acudieron a auxiliar a las v\u00edctimas las que fueron llevadas a [&hellip;]<\/p>\n","protected":false},"author":1,"featured_media":119535,"comment_status":"open","ping_status":"open","sticky":true,"template":"","format":"standard","meta":{"footnotes":""},"categories":[6,3],"tags":[],"_links":{"self":[{"href":"https:\/\/diariodigitalmx.com\/index.php\/wp-json\/wp\/v2\/posts\/119533"}],"collection":[{"href":"https:\/\/diariodigitalmx.com\/index.php\/wp-json\/wp\/v2\/posts"}],"about":[{"href":"https:\/\/diariodigitalmx.com\/index.php\/wp-json\/wp\/v2\/types\/post"}],"author":[{"embeddable":true,"href":"https:\/\/diariodigitalmx.com\/index.php\/wp-json\/wp\/v2\/users\/1"}],"replies":[{"embeddable":true,"href":"https:\/\/diariodigitalmx.com\/index.php\/wp-json\/wp\/v2\/comments?post=119533"}],"version-history":[{"count":2,"href":"https:\/\/diariodigitalmx.com\/index.php\/wp-json\/wp\/v2\/posts\/119533\/revisions"}],"predecessor-version":[{"id":119538,"href":"https:\/\/diariodigitalmx.com\/index.php\/wp-json\/wp\/v2\/posts\/119533\/revisions\/119538"}],"wp:featuredmedia":[{"embeddable":true,"href":"https:\/\/diariodigitalmx.com\/index.php\/wp-json\/wp\/v2\/media\/119535"}],"wp:attachment":[{"href":"https:\/\/diariodigitalmx.com\/index.php\/wp-json\/wp\/v2\/media?parent=119533"}],"wp:term":[{"taxonomy":"category","embeddable":true,"href":"https:\/\/diariodigitalmx.com\/index.php\/wp-json\/wp\/v2\/categories?post=119533"},{"taxonomy":"post_tag","embeddable":true,"href":"https:\/\/diariodigitalmx.com\/index.php\/wp-json\/wp\/v2\/tags?post=119533"}],"curies":[{"name":"wp","href":"https:\/\/api.w.org\/{rel}","templated":true}]}}