{"id":119542,"date":"2024-05-22T23:45:07","date_gmt":"2024-05-23T04:45:07","guid":{"rendered":"https:\/\/diariodigitalmx.com\/?p=119542"},"modified":"2024-05-23T00:48:33","modified_gmt":"2024-05-23T05:48:33","slug":"suspende-campana-maynez-y-espera-haya-transparencia-en-la-investigacion","status":"publish","type":"post","link":"https:\/\/diariodigitalmx.com\/index.php\/2024\/05\/22\/suspende-campana-maynez-y-espera-haya-transparencia-en-la-investigacion\/","title":{"rendered":"Suspende campa\u00f1a M\u00e1ynez y espera haya transparencia en la investigaci\u00f3n"},"content":{"rendered":"\n<p>Monterrey . &#8211; Tras la tragedia en que murieron 9 personas y 56 resultaron lesionadas en un evento en el que asist\u00eda a un cierre de campa\u00f1a en San Pedro Garza Garc\u00eda, el candidato presidencial de Movimiento Ciudadano, Jorge \u00c1lvarez M\u00e1ynez anunci\u00f3 que suspender su campa\u00f1a en los Estados de Tlaxcala e Hidalgo.<\/p>\n\n\n\n<p>M\u00e1ynez permanecer\u00e1 este jueves en Monterrey para estar al pendiente de la evoluci\u00f3n del Estado de salud de los lesionados que est\u00e1n en diversos hospitales.<\/p>\n\n\n\n<p>El candidato regres\u00f3 al lugar donde se desplom\u00f3 el escenario en el campo de b\u00e9isbol El Obispo, en la colonia San Pedro 400 cuando acompa\u00f1aba al cierre de campa\u00f1a a Lorenia Canavati, candidata a la Alcald\u00eda de San Pedro.<\/p>\n\n\n\n<p>Dijo a la prensa que se reviso por parte de las autoridades de Protecci\u00f3n Civil el escenario y se cumpli\u00f3 con las especificaciones, sin embargo, fue at\u00edpico el fen\u00f3meno clim\u00e1tico.<\/p>\n\n\n\n<p>&#8220;Fueron vientos muy at\u00edpicos, ni siquiera dur\u00f3 5 minutos la lluvia, v\u00ed \u00e1rboles ca\u00eddos cuando iba al hospital. Conf\u00edo en una investigaci\u00f3n exhaustiva, de las licencias de Protecci\u00f3n Civil y sobre todo, que haya transparencia&#8221;, coment\u00f3.<\/p>\n\n\n\n<p>M\u00e1ynez se\u00f1al\u00f3 que dar\u00e1 su apoyo a las familias afectadas y espera lo mismo de las autoridades.<\/p>\n\n\n\n<p>El candidato suspendi\u00f3 su vuelo de regreso a la Ciudad de M\u00e9xico y la campa\u00f1a en Tlaxcala e Hidalgo.<\/p>\n\n\n\n<p>M\u00e1ynez explic\u00f3 que al sentir los vientos observ\u00f3 que la bater\u00eda del grupo musical que tocar\u00eda estaba a punto de colapsar por lo que al apreciar el viento junto con las personas que estaban en el escenario corrieron y saltaron.<\/p>\n","protected":false},"excerpt":{"rendered":"<p>Monterrey . &#8211; Tras la tragedia en que murieron 9 personas y 56 resultaron lesionadas en un evento en el que asist\u00eda a un cierre de campa\u00f1a en San Pedro Garza Garc\u00eda, el candidato presidencial de Movimiento Ciudadano, Jorge \u00c1lvarez M\u00e1ynez anunci\u00f3 que suspender su campa\u00f1a en los Estados de Tlaxcala e Hidalgo. M\u00e1ynez permanecer\u00e1 [&hellip;]<\/p>\n","protected":false},"author":1,"featured_media":119544,"comment_status":"open","ping_status":"open","sticky":true,"template":"","format":"standard","meta":{"footnotes":""},"categories":[2,3],"tags":[],"_links":{"self":[{"href":"https:\/\/diariodigitalmx.com\/index.php\/wp-json\/wp\/v2\/posts\/119542"}],"collection":[{"href":"https:\/\/diariodigitalmx.com\/index.php\/wp-json\/wp\/v2\/posts"}],"about":[{"href":"https:\/\/diariodigitalmx.com\/index.php\/wp-json\/wp\/v2\/types\/post"}],"author":[{"embeddable":true,"href":"https:\/\/diariodigitalmx.com\/index.php\/wp-json\/wp\/v2\/users\/1"}],"replies":[{"embeddable":true,"href":"https:\/\/diariodigitalmx.com\/index.php\/wp-json\/wp\/v2\/comments?post=119542"}],"version-history":[{"count":2,"href":"https:\/\/diariodigitalmx.com\/index.php\/wp-json\/wp\/v2\/posts\/119542\/revisions"}],"predecessor-version":[{"id":119561,"href":"https:\/\/diariodigitalmx.com\/index.php\/wp-json\/wp\/v2\/posts\/119542\/revisions\/119561"}],"wp:featuredmedia":[{"embeddable":true,"href":"https:\/\/diariodigitalmx.com\/index.php\/wp-json\/wp\/v2\/media\/119544"}],"wp:attachment":[{"href":"https:\/\/diariodigitalmx.com\/index.php\/wp-json\/wp\/v2\/media?parent=119542"}],"wp:term":[{"taxonomy":"category","embeddable":true,"href":"https:\/\/diariodigitalmx.com\/index.php\/wp-json\/wp\/v2\/categories?post=119542"},{"taxonomy":"post_tag","embeddable":true,"href":"https:\/\/diariodigitalmx.com\/index.php\/wp-json\/wp\/v2\/tags?post=119542"}],"curies":[{"name":"wp","href":"https:\/\/api.w.org\/{rel}","templated":true}]}}