{"id":119629,"date":"2024-05-24T13:03:09","date_gmt":"2024-05-24T18:03:09","guid":{"rendered":"https:\/\/diariodigitalmx.com\/?p=119629"},"modified":"2024-05-24T13:04:49","modified_gmt":"2024-05-24T18:04:49","slug":"firma-jose-luis-garza-ochoa-compromiso-con-la-primera-infancia-guadalupenses","status":"publish","type":"post","link":"https:\/\/diariodigitalmx.com\/index.php\/2024\/05\/24\/firma-jose-luis-garza-ochoa-compromiso-con-la-primera-infancia-guadalupenses\/","title":{"rendered":"Firma Jos\u00e9 Luis Garza Ochoa compromiso con la primera infancia guadalupenses"},"content":{"rendered":"\n<p>Guadalupe, NL. \u2013 Jos\u00e9 Luis Garza Ochoa, candidato a la Alcald\u00eda de Guadalupe por la coalici\u00f3n PRI, PAN y PRD, firm\u00f3 un compromiso con los ni\u00f1os de Guadalupe y dijo que como Alcalde la primera infancia ser\u00e1 prioridad en su Gobierno por lo que dispondr\u00e1 acciones y recursos para garantizarles un bienestar seguro, pr\u00f3spero, con salud y educaci\u00f3n.<\/p>\n\n\n\n<p>El compromiso tambi\u00e9n fue signado por los candidatos de la coalici\u00f3n Fuerza y Coraz\u00f3n X Nuevo Le\u00f3n, Pedro Garza y Mar\u00eda de Jes\u00fas Aguirre, candidatos a diputados federales, y los candidatos a diputados locales Itzel Castillo, F\u00e9lix Rocha y Jos\u00e9 Torres.<\/p>\n\n\n\n<figure class=\"wp-block-image size-full\"><img loading=\"lazy\" decoding=\"async\" width=\"800\" height=\"517\" src=\"https:\/\/diariodigitalmx.com\/wp-content\/uploads\/2024\/05\/c3ff45f7-59cc-4e69-a4de-d65175fb5374.jpg\" alt=\"\" class=\"wp-image-119632\" srcset=\"https:\/\/diariodigitalmx.com\/wp-content\/uploads\/2024\/05\/c3ff45f7-59cc-4e69-a4de-d65175fb5374.jpg 800w, https:\/\/diariodigitalmx.com\/wp-content\/uploads\/2024\/05\/c3ff45f7-59cc-4e69-a4de-d65175fb5374-300x194.jpg 300w, https:\/\/diariodigitalmx.com\/wp-content\/uploads\/2024\/05\/c3ff45f7-59cc-4e69-a4de-d65175fb5374-768x496.jpg 768w\" sizes=\"(max-width: 800px) 100vw, 800px\" \/><\/figure>\n\n\n\n<p>Tambi\u00e9n estuvieron Mariana Villalobos, directora de Infancia Plena, y Jonathan Castillo, coordinador regional de Pacto por la Primera Infancia.<\/p>\n\n\n\n<p>Garza Ochoa a\u00f1adi\u00f3 que el cumplimiento de este pacto por la primera infancia estar\u00e1 a cargo del Sistema de Protecci\u00f3n Integral de los Derechos de Ni\u00f1as, Ni\u00f1os y Adolescentes del Municipio con la participaci\u00f3n de todas las dependencias y entidades de la administraci\u00f3n p\u00fablica competentes.<\/p>\n\n\n\n<figure class=\"wp-block-image size-full\"><img loading=\"lazy\" decoding=\"async\" width=\"800\" height=\"517\" src=\"https:\/\/diariodigitalmx.com\/wp-content\/uploads\/2024\/05\/c0bbcd0c-4ded-41cb-b27c-161a283ddcba.jpg\" alt=\"\" class=\"wp-image-119635\" srcset=\"https:\/\/diariodigitalmx.com\/wp-content\/uploads\/2024\/05\/c0bbcd0c-4ded-41cb-b27c-161a283ddcba.jpg 800w, https:\/\/diariodigitalmx.com\/wp-content\/uploads\/2024\/05\/c0bbcd0c-4ded-41cb-b27c-161a283ddcba-300x194.jpg 300w, https:\/\/diariodigitalmx.com\/wp-content\/uploads\/2024\/05\/c0bbcd0c-4ded-41cb-b27c-161a283ddcba-768x496.jpg 768w\" sizes=\"(max-width: 800px) 100vw, 800px\" \/><\/figure>\n\n\n\n<p>El candidato estableci\u00f3 como compromisos:<\/p>\n\n\n\n<p>1.- Disminuir la pobreza, y la pobreza extrema en primera infancia.<br>2,- Reducir la desnutrici\u00f3n cr\u00f3nica, la anemia y la prevalencia de sobrepeso y obesidad en menores de 5 a\u00f1os.<br>3.- Incrementar la lactancia en la primera hora de vida y la lactancia materna exclusiva en ni\u00f1as y ni\u00f1os menores de 6 meses.<br>4.- Lograr que ni\u00f1as y ni\u00f1os de 1 y 2 a\u00f1os reciban todas las vacunas que les corresponden.<br>5.- Aplicar el Tamiz neonatal a ni\u00f1as y ni\u00f1os reci\u00e9n nacidos, brindar atenci\u00f3n especializada a partir del diagn\u00f3stico, e incrementar la cobertura en educaci\u00f3n y servicios de salud para ni\u00f1as y ni\u00f1os con discapacidad.<br>6.- Incrementar el porcentaje de ni\u00f1as y ni\u00f1os menores de 5 a\u00f1os con un adecuado desarrollo infantil temprano, y la cobertura de evaluaciones de desarrollo anuales.<br>7.- Lograr que ni\u00f1as y ni\u00f1os menores de 3 a\u00f1os reciban educaci\u00f3n inicial en cualquiera de sus modalidades.<br>8.- Asegurar que las ni\u00f1as y ni\u00f1os a partir de los 3 a\u00f1os reciban educaci\u00f3n preescolar de calidad.<br>9.- Apoyar a las familias con ni\u00f1as y ni\u00f1os menores de 6 a\u00f1os con programas de habilidades parentales para una crianza cari\u00f1osa y sensible.<br>10.- Lograr que las ni\u00f1as y ni\u00f1os est\u00e9n inscritos en el registro civil antes de cumplir un a\u00f1o y que a los 5 a\u00f1os todos se encuentren registrados.<br>11.- Avanzar en la erradicaci\u00f3n de todas las formas de violencia contra la infancia, disminuir en el uso de m\u00e9todos violentos de disciplina, la violencia sexual y los casos de desapariciones de ni\u00f1as y ni\u00f1os menores de 6 a\u00f1os.<br>12.- Incrementar la participaci\u00f3n de madres y padres en actividades de juego con sus hijas e hijos menores de 5 a\u00f1os; as\u00ed como incrementar la disponibilidad, acceso y calidad de espacios p\u00fablicos para el juego de la primera infancia.<\/p>\n\n\n\n<p>Garza Ochoa afirm\u00f3 que el objetivo es establecer las condiciones institucionales necesarias para garantizar el cumplimiento de estas metas en beneficio del presente y futuro de la ni\u00f1ez guadalupense.<\/p>\n","protected":false},"excerpt":{"rendered":"<p>Guadalupe, NL. \u2013 Jos\u00e9 Luis Garza Ochoa, candidato a la Alcald\u00eda de Guadalupe por la coalici\u00f3n PRI, PAN y PRD, firm\u00f3 un compromiso con los ni\u00f1os de Guadalupe y dijo que como Alcalde la primera infancia ser\u00e1 prioridad en su Gobierno por lo que dispondr\u00e1 acciones y recursos para garantizarles un bienestar seguro, pr\u00f3spero, con [&hellip;]<\/p>\n","protected":false},"author":1,"featured_media":119631,"comment_status":"open","ping_status":"open","sticky":true,"template":"","format":"standard","meta":{"footnotes":""},"categories":[14,6],"tags":[],"_links":{"self":[{"href":"https:\/\/diariodigitalmx.com\/index.php\/wp-json\/wp\/v2\/posts\/119629"}],"collection":[{"href":"https:\/\/diariodigitalmx.com\/index.php\/wp-json\/wp\/v2\/posts"}],"about":[{"href":"https:\/\/diariodigitalmx.com\/index.php\/wp-json\/wp\/v2\/types\/post"}],"author":[{"embeddable":true,"href":"https:\/\/diariodigitalmx.com\/index.php\/wp-json\/wp\/v2\/users\/1"}],"replies":[{"embeddable":true,"href":"https:\/\/diariodigitalmx.com\/index.php\/wp-json\/wp\/v2\/comments?post=119629"}],"version-history":[{"count":3,"href":"https:\/\/diariodigitalmx.com\/index.php\/wp-json\/wp\/v2\/posts\/119629\/revisions"}],"predecessor-version":[{"id":119636,"href":"https:\/\/diariodigitalmx.com\/index.php\/wp-json\/wp\/v2\/posts\/119629\/revisions\/119636"}],"wp:featuredmedia":[{"embeddable":true,"href":"https:\/\/diariodigitalmx.com\/index.php\/wp-json\/wp\/v2\/media\/119631"}],"wp:attachment":[{"href":"https:\/\/diariodigitalmx.com\/index.php\/wp-json\/wp\/v2\/media?parent=119629"}],"wp:term":[{"taxonomy":"category","embeddable":true,"href":"https:\/\/diariodigitalmx.com\/index.php\/wp-json\/wp\/v2\/categories?post=119629"},{"taxonomy":"post_tag","embeddable":true,"href":"https:\/\/diariodigitalmx.com\/index.php\/wp-json\/wp\/v2\/tags?post=119629"}],"curies":[{"name":"wp","href":"https:\/\/api.w.org\/{rel}","templated":true}]}}