{"id":119647,"date":"2024-05-24T18:16:50","date_gmt":"2024-05-24T23:16:50","guid":{"rendered":"https:\/\/diariodigitalmx.com\/?p=119647"},"modified":"2024-05-24T18:17:56","modified_gmt":"2024-05-24T23:17:56","slug":"condonara-hector-garcia-impuestos-a-empresas-que-empleen-a-personas-con-discapacidad","status":"publish","type":"post","link":"https:\/\/diariodigitalmx.com\/index.php\/2024\/05\/24\/condonara-hector-garcia-impuestos-a-empresas-que-empleen-a-personas-con-discapacidad\/","title":{"rendered":"Condonar\u00e1 H\u00e9ctor Garc\u00eda impuestos a empresas que empleen a personas con discapacidad"},"content":{"rendered":"\n<figure class=\"wp-block-image size-large\"><img loading=\"lazy\" decoding=\"async\" width=\"1024\" height=\"682\" src=\"https:\/\/diariodigitalmx.com\/wp-content\/uploads\/2024\/05\/IMG-20240524-WA0161-1024x682.jpg\" alt=\"\" class=\"wp-image-119650\" srcset=\"https:\/\/diariodigitalmx.com\/wp-content\/uploads\/2024\/05\/IMG-20240524-WA0161-1024x682.jpg 1024w, https:\/\/diariodigitalmx.com\/wp-content\/uploads\/2024\/05\/IMG-20240524-WA0161-300x200.jpg 300w, https:\/\/diariodigitalmx.com\/wp-content\/uploads\/2024\/05\/IMG-20240524-WA0161-768x512.jpg 768w, https:\/\/diariodigitalmx.com\/wp-content\/uploads\/2024\/05\/IMG-20240524-WA0161.jpg 1280w\" sizes=\"(max-width: 1024px) 100vw, 1024px\" \/><\/figure>\n\n\n\n<p>Como parte de un Guadalupe solidario e inclusivo, el candidato de Movimiento Ciudadano a la Alcald\u00eda, H\u00e9ctor Garc\u00eda establecer\u00e1 convenios con empresas que empleen a personas con discapacidad, condon\u00e1ndoles los impuestos municipales.<\/p>\n\n\n\n<p>El objetivo es que este segmento de la poblaci\u00f3n tenga oportunidades para crecer econ\u00f3micamente y tengan la satisfacci\u00f3n de aportar al gasto familiar, coment\u00f3 el aspirante de MC durante una reuni\u00f3n con vecinos de la colonia Nuevo San Rafael.<\/p>\n\n\n\n<p>\u201cEn Guadalupe seremos solidarios con las familias que m\u00e1s necesitan, vamos a hacer un convenio de colaboraci\u00f3n con empresas para que lleven maquila a los hogares de personas con discapacidad y puedan tener un ingreso semanal\u201d.<\/p>\n\n\n\n<p>El candidato emecista destac\u00f3 la importancia de apoyar a personas con discapacidad, con una serie de acciones, que incluyen la creaci\u00f3n del Parque Inclusivo, donde podr\u00e1n recibir equinoterapia y acuaterapia.<\/p>\n\n\n\n<p>El acompa\u00f1amiento tambi\u00e9n se dar\u00e1 a trav\u00e9s de la tarjeta \u201cGuadalupe Contigo\u201d, con un apoyo mensual de mil 200 pesos para las familias, adem\u00e1s de los acuerdos con empresas para afianzar la econom\u00eda de sectores&nbsp;vulnerables.<\/p>\n","protected":false},"excerpt":{"rendered":"<p>Como parte de un Guadalupe solidario e inclusivo, el candidato de Movimiento Ciudadano a la Alcald\u00eda, H\u00e9ctor Garc\u00eda establecer\u00e1 convenios con empresas que empleen a personas con discapacidad, condon\u00e1ndoles los impuestos municipales. El objetivo es que este segmento de la poblaci\u00f3n tenga oportunidades para crecer econ\u00f3micamente y tengan la satisfacci\u00f3n de aportar al gasto familiar, [&hellip;]<\/p>\n","protected":false},"author":1,"featured_media":119649,"comment_status":"open","ping_status":"open","sticky":true,"template":"","format":"standard","meta":{"footnotes":""},"categories":[14,6],"tags":[],"_links":{"self":[{"href":"https:\/\/diariodigitalmx.com\/index.php\/wp-json\/wp\/v2\/posts\/119647"}],"collection":[{"href":"https:\/\/diariodigitalmx.com\/index.php\/wp-json\/wp\/v2\/posts"}],"about":[{"href":"https:\/\/diariodigitalmx.com\/index.php\/wp-json\/wp\/v2\/types\/post"}],"author":[{"embeddable":true,"href":"https:\/\/diariodigitalmx.com\/index.php\/wp-json\/wp\/v2\/users\/1"}],"replies":[{"embeddable":true,"href":"https:\/\/diariodigitalmx.com\/index.php\/wp-json\/wp\/v2\/comments?post=119647"}],"version-history":[{"count":2,"href":"https:\/\/diariodigitalmx.com\/index.php\/wp-json\/wp\/v2\/posts\/119647\/revisions"}],"predecessor-version":[{"id":119651,"href":"https:\/\/diariodigitalmx.com\/index.php\/wp-json\/wp\/v2\/posts\/119647\/revisions\/119651"}],"wp:featuredmedia":[{"embeddable":true,"href":"https:\/\/diariodigitalmx.com\/index.php\/wp-json\/wp\/v2\/media\/119649"}],"wp:attachment":[{"href":"https:\/\/diariodigitalmx.com\/index.php\/wp-json\/wp\/v2\/media?parent=119647"}],"wp:term":[{"taxonomy":"category","embeddable":true,"href":"https:\/\/diariodigitalmx.com\/index.php\/wp-json\/wp\/v2\/categories?post=119647"},{"taxonomy":"post_tag","embeddable":true,"href":"https:\/\/diariodigitalmx.com\/index.php\/wp-json\/wp\/v2\/tags?post=119647"}],"curies":[{"name":"wp","href":"https:\/\/api.w.org\/{rel}","templated":true}]}}