{"id":119689,"date":"2024-05-25T18:49:22","date_gmt":"2024-05-25T23:49:22","guid":{"rendered":"https:\/\/diariodigitalmx.com\/?p=119689"},"modified":"2024-05-25T18:50:39","modified_gmt":"2024-05-25T23:50:39","slug":"creara-mijes-centro-de-salud-emocional","status":"publish","type":"post","link":"https:\/\/diariodigitalmx.com\/index.php\/2024\/05\/25\/creara-mijes-centro-de-salud-emocional\/","title":{"rendered":"Crear\u00e1 Mijes Centro de Salud Emocional"},"content":{"rendered":"\n<figure class=\"wp-block-image size-large\"><img loading=\"lazy\" decoding=\"async\" width=\"1024\" height=\"682\" src=\"https:\/\/diariodigitalmx.com\/wp-content\/uploads\/2024\/05\/IMG_0660-1-1024x682.jpg\" alt=\"\" class=\"wp-image-119692\" srcset=\"https:\/\/diariodigitalmx.com\/wp-content\/uploads\/2024\/05\/IMG_0660-1-1024x682.jpg 1024w, https:\/\/diariodigitalmx.com\/wp-content\/uploads\/2024\/05\/IMG_0660-1-300x200.jpg 300w, https:\/\/diariodigitalmx.com\/wp-content\/uploads\/2024\/05\/IMG_0660-1-768x511.jpg 768w, https:\/\/diariodigitalmx.com\/wp-content\/uploads\/2024\/05\/IMG_0660-1-1536x1022.jpg 1536w, https:\/\/diariodigitalmx.com\/wp-content\/uploads\/2024\/05\/IMG_0660-1-2048x1363.jpg 2048w\" sizes=\"(max-width: 1024px) 100vw, 1024px\" \/><\/figure>\n\n\n\n<p>Andr\u00e9s Mijes anunci\u00f3 que construir\u00e1 un Centro de Salud Emocional que brindar\u00e1 a ni\u00f1os, j\u00f3venes y adultos servicios especializados para tratar, dar seguimiento integral y concientizar sobre las enfermedades mentales.<\/p>\n\n\n\n<p>El Candidato de la coalici\u00f3n &#8220;Sigamos Haciendo Historia&#8221; se\u00f1al\u00f3 que a la par de la contingencia de COVID-19 se registr\u00f3 una pandemia silenciosa que impact\u00f3 en la salud mental de los ciudadanos, por lo que este nuevo Centro de Salud Emocional ser\u00e1 de gran apoyo en el desarrollo de una comunidad sana.<\/p>\n\n\n\n<p>\u201cEl Covid-19 dej\u00f3 a su paso una grave afectaci\u00f3n en la salud emocional de todas las personas sin importar su edad, por ello es prioritario desarrollar estrategias que nos ayuden a brindar esa ayuda ante enfermedades silenciosas como la depresi\u00f3n y ansiedad, este Centro ser\u00e1 de gran apoyo y ayudar\u00e1 a tener una comunidad sana\u201d, expres\u00f3.<\/p>\n\n\n\n<p>El nuevo centro estar\u00e1 ubicado en Nicol\u00e1s Bravo, entre Ignacio Allende y Jos\u00e9 Mariano Jim\u00e9nez, en el Centro de Escobedo.<\/p>\n\n\n\n<p>El Centro de Salud Emocional brindar\u00e1 atenci\u00f3n especializada a ni\u00f1os, adolescentes, j\u00f3venes, adultos y personas de la tercera edad. Adem\u00e1s, se dar\u00e1n terapias individuales y grupales, y se enfocar\u00e1n en desarrollar estrategias que ayuden a prevenir y detectar las enfermedades mentales para contrarrestar los factores de riesgo y mejorar la calidad de vida de las personas.<\/p>\n","protected":false},"excerpt":{"rendered":"<p>Andr\u00e9s Mijes anunci\u00f3 que construir\u00e1 un Centro de Salud Emocional que brindar\u00e1 a ni\u00f1os, j\u00f3venes y adultos servicios especializados para tratar, dar seguimiento integral y concientizar sobre las enfermedades mentales. El Candidato de la coalici\u00f3n &#8220;Sigamos Haciendo Historia&#8221; se\u00f1al\u00f3 que a la par de la contingencia de COVID-19 se registr\u00f3 una pandemia silenciosa que impact\u00f3 [&hellip;]<\/p>\n","protected":false},"author":1,"featured_media":119691,"comment_status":"open","ping_status":"open","sticky":true,"template":"","format":"standard","meta":{"footnotes":""},"categories":[14,6],"tags":[],"_links":{"self":[{"href":"https:\/\/diariodigitalmx.com\/index.php\/wp-json\/wp\/v2\/posts\/119689"}],"collection":[{"href":"https:\/\/diariodigitalmx.com\/index.php\/wp-json\/wp\/v2\/posts"}],"about":[{"href":"https:\/\/diariodigitalmx.com\/index.php\/wp-json\/wp\/v2\/types\/post"}],"author":[{"embeddable":true,"href":"https:\/\/diariodigitalmx.com\/index.php\/wp-json\/wp\/v2\/users\/1"}],"replies":[{"embeddable":true,"href":"https:\/\/diariodigitalmx.com\/index.php\/wp-json\/wp\/v2\/comments?post=119689"}],"version-history":[{"count":2,"href":"https:\/\/diariodigitalmx.com\/index.php\/wp-json\/wp\/v2\/posts\/119689\/revisions"}],"predecessor-version":[{"id":119693,"href":"https:\/\/diariodigitalmx.com\/index.php\/wp-json\/wp\/v2\/posts\/119689\/revisions\/119693"}],"wp:featuredmedia":[{"embeddable":true,"href":"https:\/\/diariodigitalmx.com\/index.php\/wp-json\/wp\/v2\/media\/119691"}],"wp:attachment":[{"href":"https:\/\/diariodigitalmx.com\/index.php\/wp-json\/wp\/v2\/media?parent=119689"}],"wp:term":[{"taxonomy":"category","embeddable":true,"href":"https:\/\/diariodigitalmx.com\/index.php\/wp-json\/wp\/v2\/categories?post=119689"},{"taxonomy":"post_tag","embeddable":true,"href":"https:\/\/diariodigitalmx.com\/index.php\/wp-json\/wp\/v2\/tags?post=119689"}],"curies":[{"name":"wp","href":"https:\/\/api.w.org\/{rel}","templated":true}]}}