{"id":119707,"date":"2024-05-26T10:24:12","date_gmt":"2024-05-26T15:24:12","guid":{"rendered":"https:\/\/diariodigitalmx.com\/?p=119707"},"modified":"2024-05-26T10:33:07","modified_gmt":"2024-05-26T15:33:07","slug":"la-cuarta-transformacion-llegara-a-santiago-si-la-ciudadania-ejerce-su-voto-maribel-villalon","status":"publish","type":"post","link":"https:\/\/diariodigitalmx.com\/index.php\/2024\/05\/26\/la-cuarta-transformacion-llegara-a-santiago-si-la-ciudadania-ejerce-su-voto-maribel-villalon\/","title":{"rendered":"La Cuarta Transformaci\u00f3n llegar\u00e1 a Santiago si la ciudadan\u00eda ejerce su voto: Maribel Villal\u00f3n"},"content":{"rendered":"\n<figure class=\"wp-block-image size-large\"><img loading=\"lazy\" decoding=\"async\" width=\"1024\" height=\"768\" src=\"https:\/\/diariodigitalmx.com\/wp-content\/uploads\/2024\/05\/IMG-20240525-WA0159-1024x768.jpg\" alt=\"\" class=\"wp-image-119711\" srcset=\"https:\/\/diariodigitalmx.com\/wp-content\/uploads\/2024\/05\/IMG-20240525-WA0159-1024x768.jpg 1024w, https:\/\/diariodigitalmx.com\/wp-content\/uploads\/2024\/05\/IMG-20240525-WA0159-300x225.jpg 300w, https:\/\/diariodigitalmx.com\/wp-content\/uploads\/2024\/05\/IMG-20240525-WA0159-768x576.jpg 768w, https:\/\/diariodigitalmx.com\/wp-content\/uploads\/2024\/05\/IMG-20240525-WA0159-1536x1152.jpg 1536w, https:\/\/diariodigitalmx.com\/wp-content\/uploads\/2024\/05\/IMG-20240525-WA0159.jpg 1600w\" sizes=\"(max-width: 1024px) 100vw, 1024px\" \/><\/figure>\n\n\n\n<p>La candidata de Morena a la presidencia municipal de Santiago, Maribel Villal\u00f3n Gonz\u00e1lez afirm\u00f3 que si se logra vencer el abstencionismo y la ciudadan\u00eda participa activamente votando el pr\u00f3ximo 2 de junio, la Cuarta Transformaci\u00f3n llegar\u00e1 a este municipio.<\/p>\n\n\n\n<p>Durante su recorrido de este s\u00e1bado por la comunidad de &#8220;Los Fierros&#8221; y la calle Ju\u00e1rez, la candidata reiter\u00f3 su llamado a toda la poblaci\u00f3n para que acuda a las urnas el domingo 2 de junio y vote a favor de todas las candidaturas de Morena.<\/p>\n\n\n\n<figure class=\"wp-block-gallery has-nested-images columns-default is-cropped wp-block-gallery-1 is-layout-flex wp-block-gallery-is-layout-flex\">\n<figure class=\"wp-block-image size-large\"><img loading=\"lazy\" decoding=\"async\" width=\"1024\" height=\"768\" data-id=\"119713\" src=\"https:\/\/diariodigitalmx.com\/wp-content\/uploads\/2024\/05\/IMG-20240525-WA0160-1024x768.jpg\" alt=\"\" class=\"wp-image-119713\" srcset=\"https:\/\/diariodigitalmx.com\/wp-content\/uploads\/2024\/05\/IMG-20240525-WA0160-1024x768.jpg 1024w, https:\/\/diariodigitalmx.com\/wp-content\/uploads\/2024\/05\/IMG-20240525-WA0160-300x225.jpg 300w, https:\/\/diariodigitalmx.com\/wp-content\/uploads\/2024\/05\/IMG-20240525-WA0160-768x576.jpg 768w, https:\/\/diariodigitalmx.com\/wp-content\/uploads\/2024\/05\/IMG-20240525-WA0160-1536x1152.jpg 1536w, https:\/\/diariodigitalmx.com\/wp-content\/uploads\/2024\/05\/IMG-20240525-WA0160.jpg 1600w\" sizes=\"(max-width: 1024px) 100vw, 1024px\" \/><\/figure>\n\n\n\n<figure class=\"wp-block-image size-large\"><img loading=\"lazy\" decoding=\"async\" width=\"1024\" height=\"768\" data-id=\"119714\" src=\"https:\/\/diariodigitalmx.com\/wp-content\/uploads\/2024\/05\/IMG-20240525-WA0161-1024x768.jpg\" alt=\"\" class=\"wp-image-119714\" srcset=\"https:\/\/diariodigitalmx.com\/wp-content\/uploads\/2024\/05\/IMG-20240525-WA0161-1024x768.jpg 1024w, https:\/\/diariodigitalmx.com\/wp-content\/uploads\/2024\/05\/IMG-20240525-WA0161-300x225.jpg 300w, https:\/\/diariodigitalmx.com\/wp-content\/uploads\/2024\/05\/IMG-20240525-WA0161-768x576.jpg 768w, https:\/\/diariodigitalmx.com\/wp-content\/uploads\/2024\/05\/IMG-20240525-WA0161-1536x1152.jpg 1536w, https:\/\/diariodigitalmx.com\/wp-content\/uploads\/2024\/05\/IMG-20240525-WA0161.jpg 1600w\" sizes=\"(max-width: 1024px) 100vw, 1024px\" \/><\/figure>\n<\/figure>\n\n\n\n<p>Villal\u00f3n Gonz\u00e1lez enfatiz\u00f3: &#8220;No permitas que otros decidan por ti. Ejerce tu derecho a elegir a los gobernantes y legisladores que deseas. Con tu voto, puedes optar por un cambio real, un futuro mejor para nuestro municipio y nuestro pa\u00eds, por la transformaci\u00f3n y un mayor bienestar para todas las familias&#8221;.<\/p>\n\n\n\n<figure class=\"wp-block-gallery has-nested-images columns-default is-cropped wp-block-gallery-2 is-layout-flex wp-block-gallery-is-layout-flex\">\n<figure class=\"wp-block-image size-large\"><img loading=\"lazy\" decoding=\"async\" width=\"1024\" height=\"702\" data-id=\"119715\" src=\"https:\/\/diariodigitalmx.com\/wp-content\/uploads\/2024\/05\/IMG-20240525-WA0163-1024x702.jpg\" alt=\"\" class=\"wp-image-119715\" srcset=\"https:\/\/diariodigitalmx.com\/wp-content\/uploads\/2024\/05\/IMG-20240525-WA0163-1024x702.jpg 1024w, https:\/\/diariodigitalmx.com\/wp-content\/uploads\/2024\/05\/IMG-20240525-WA0163-300x206.jpg 300w, https:\/\/diariodigitalmx.com\/wp-content\/uploads\/2024\/05\/IMG-20240525-WA0163-768x527.jpg 768w, https:\/\/diariodigitalmx.com\/wp-content\/uploads\/2024\/05\/IMG-20240525-WA0163.jpg 1280w\" sizes=\"(max-width: 1024px) 100vw, 1024px\" \/><\/figure>\n\n\n\n<figure class=\"wp-block-image size-large\"><img loading=\"lazy\" decoding=\"async\" width=\"1024\" height=\"575\" data-id=\"119716\" src=\"https:\/\/diariodigitalmx.com\/wp-content\/uploads\/2024\/05\/IMG-20240525-WA0164-1024x575.jpg\" alt=\"\" class=\"wp-image-119716\" srcset=\"https:\/\/diariodigitalmx.com\/wp-content\/uploads\/2024\/05\/IMG-20240525-WA0164-1024x575.jpg 1024w, https:\/\/diariodigitalmx.com\/wp-content\/uploads\/2024\/05\/IMG-20240525-WA0164-300x169.jpg 300w, https:\/\/diariodigitalmx.com\/wp-content\/uploads\/2024\/05\/IMG-20240525-WA0164-768x431.jpg 768w, https:\/\/diariodigitalmx.com\/wp-content\/uploads\/2024\/05\/IMG-20240525-WA0164.jpg 1280w\" sizes=\"(max-width: 1024px) 100vw, 1024px\" \/><\/figure>\n\n\n\n<figure class=\"wp-block-image size-large\"><img loading=\"lazy\" decoding=\"async\" width=\"1024\" height=\"768\" data-id=\"119717\" src=\"https:\/\/diariodigitalmx.com\/wp-content\/uploads\/2024\/05\/IMG-20240525-WA0158-1024x768.jpg\" alt=\"\" class=\"wp-image-119717\" srcset=\"https:\/\/diariodigitalmx.com\/wp-content\/uploads\/2024\/05\/IMG-20240525-WA0158-1024x768.jpg 1024w, https:\/\/diariodigitalmx.com\/wp-content\/uploads\/2024\/05\/IMG-20240525-WA0158-300x225.jpg 300w, https:\/\/diariodigitalmx.com\/wp-content\/uploads\/2024\/05\/IMG-20240525-WA0158-768x576.jpg 768w, https:\/\/diariodigitalmx.com\/wp-content\/uploads\/2024\/05\/IMG-20240525-WA0158-1536x1152.jpg 1536w, https:\/\/diariodigitalmx.com\/wp-content\/uploads\/2024\/05\/IMG-20240525-WA0158.jpg 1600w\" sizes=\"(max-width: 1024px) 100vw, 1024px\" \/><\/figure>\n<\/figure>\n\n\n\n<p>Durante su visita a las casas ubicadas en la calle Ju\u00e1rez, las personas residentes solicitaron a la candidata, que cuando llegue a la alcald\u00eda, apoye la instalaci\u00f3n de bordos en esa avenida para reducir los accidentes provocados por la alta velocidad de los veh\u00edculos en la zona, as\u00ed como patrullajes nocturnos debido a la inseguridad en el sector.<\/p>\n\n\n\n<p>Previamente, la candidata realiz\u00f3 tambi\u00e9n un recorrido por El Cercado, donde al igual que en Los Fierros, recibi\u00f3 el respaldo de la poblaci\u00f3n para lograr el triunfo electoral y llegar a la presidencia municipal.<\/p>\n","protected":false},"excerpt":{"rendered":"<p>La candidata de Morena a la presidencia municipal de Santiago, Maribel Villal\u00f3n Gonz\u00e1lez afirm\u00f3 que si se logra vencer el abstencionismo y la ciudadan\u00eda participa activamente votando el pr\u00f3ximo 2 de junio, la Cuarta Transformaci\u00f3n llegar\u00e1 a este municipio. Durante su recorrido de este s\u00e1bado por la comunidad de &#8220;Los Fierros&#8221; y la calle Ju\u00e1rez, [&hellip;]<\/p>\n","protected":false},"author":1,"featured_media":119709,"comment_status":"open","ping_status":"open","sticky":true,"template":"","format":"standard","meta":{"footnotes":""},"categories":[14,6],"tags":[],"_links":{"self":[{"href":"https:\/\/diariodigitalmx.com\/index.php\/wp-json\/wp\/v2\/posts\/119707"}],"collection":[{"href":"https:\/\/diariodigitalmx.com\/index.php\/wp-json\/wp\/v2\/posts"}],"about":[{"href":"https:\/\/diariodigitalmx.com\/index.php\/wp-json\/wp\/v2\/types\/post"}],"author":[{"embeddable":true,"href":"https:\/\/diariodigitalmx.com\/index.php\/wp-json\/wp\/v2\/users\/1"}],"replies":[{"embeddable":true,"href":"https:\/\/diariodigitalmx.com\/index.php\/wp-json\/wp\/v2\/comments?post=119707"}],"version-history":[{"count":2,"href":"https:\/\/diariodigitalmx.com\/index.php\/wp-json\/wp\/v2\/posts\/119707\/revisions"}],"predecessor-version":[{"id":119718,"href":"https:\/\/diariodigitalmx.com\/index.php\/wp-json\/wp\/v2\/posts\/119707\/revisions\/119718"}],"wp:featuredmedia":[{"embeddable":true,"href":"https:\/\/diariodigitalmx.com\/index.php\/wp-json\/wp\/v2\/media\/119709"}],"wp:attachment":[{"href":"https:\/\/diariodigitalmx.com\/index.php\/wp-json\/wp\/v2\/media?parent=119707"}],"wp:term":[{"taxonomy":"category","embeddable":true,"href":"https:\/\/diariodigitalmx.com\/index.php\/wp-json\/wp\/v2\/categories?post=119707"},{"taxonomy":"post_tag","embeddable":true,"href":"https:\/\/diariodigitalmx.com\/index.php\/wp-json\/wp\/v2\/tags?post=119707"}],"curies":[{"name":"wp","href":"https:\/\/api.w.org\/{rel}","templated":true}]}}