{"id":119719,"date":"2024-05-26T21:15:05","date_gmt":"2024-05-27T02:15:05","guid":{"rendered":"https:\/\/diariodigitalmx.com\/?p=119719"},"modified":"2024-05-26T21:17:38","modified_gmt":"2024-05-27T02:17:38","slug":"ah-usted-es-perla-serna-gran-popularidad-de-la-candidata-a-diputada","status":"publish","type":"post","link":"https:\/\/diariodigitalmx.com\/index.php\/2024\/05\/26\/ah-usted-es-perla-serna-gran-popularidad-de-la-candidata-a-diputada\/","title":{"rendered":"&#8220;\u00a1Ah, usted es Perla Serna!&#8221;; gran popularidad de la candidata a diputada"},"content":{"rendered":"\n<figure class=\"wp-block-image size-large\"><img loading=\"lazy\" decoding=\"async\" width=\"1024\" height=\"576\" src=\"https:\/\/diariodigitalmx.com\/wp-content\/uploads\/2024\/05\/445347623_122131899128255719_3001935494149889587_n-1024x576.jpg\" alt=\"\" class=\"wp-image-119723\" srcset=\"https:\/\/diariodigitalmx.com\/wp-content\/uploads\/2024\/05\/445347623_122131899128255719_3001935494149889587_n-1024x576.jpg 1024w, https:\/\/diariodigitalmx.com\/wp-content\/uploads\/2024\/05\/445347623_122131899128255719_3001935494149889587_n-300x169.jpg 300w, https:\/\/diariodigitalmx.com\/wp-content\/uploads\/2024\/05\/445347623_122131899128255719_3001935494149889587_n-768x432.jpg 768w, https:\/\/diariodigitalmx.com\/wp-content\/uploads\/2024\/05\/445347623_122131899128255719_3001935494149889587_n-1536x864.jpg 1536w, https:\/\/diariodigitalmx.com\/wp-content\/uploads\/2024\/05\/445347623_122131899128255719_3001935494149889587_n.jpg 1599w\" sizes=\"(max-width: 1024px) 100vw, 1024px\" \/><\/figure>\n\n\n\n<p>La cr\u00f3nica de Pedro Garc\u00eda <\/p>\n\n\n\n<p>A horas de que concluyan los tiempos de la campa\u00f1a rumbo a las elecciones del 2 de junio, la propaganda de Perla Serna \u201cvuela\u201d por la gran demanda que hay entre las vecinas y vecinos de Apodaca que ya la identifican como candidata a diputada al Congreso del Estado.<\/p>\n\n\n\n<p>-\u201cMe regala una gorra\u201d<\/p>\n\n\n\n<p>-\u00bfTiene una camiseta para m\u00ed?<\/p>\n\n\n\n<p>-Ah, s\u00ed, usted es Perla\u2026Expresaban mujeres y hombres: vecinos del sector donde se instala un mercado sobre ruedas.<\/p>\n\n\n\n<figure class=\"wp-block-image size-large\"><img loading=\"lazy\" decoding=\"async\" width=\"1024\" height=\"576\" src=\"https:\/\/diariodigitalmx.com\/wp-content\/uploads\/2024\/05\/445034352_122131897058255719_7741836515577770780_n-1024x576.jpg\" alt=\"\" class=\"wp-image-119725\" srcset=\"https:\/\/diariodigitalmx.com\/wp-content\/uploads\/2024\/05\/445034352_122131897058255719_7741836515577770780_n-1024x576.jpg 1024w, https:\/\/diariodigitalmx.com\/wp-content\/uploads\/2024\/05\/445034352_122131897058255719_7741836515577770780_n-300x169.jpg 300w, https:\/\/diariodigitalmx.com\/wp-content\/uploads\/2024\/05\/445034352_122131897058255719_7741836515577770780_n-768x432.jpg 768w, https:\/\/diariodigitalmx.com\/wp-content\/uploads\/2024\/05\/445034352_122131897058255719_7741836515577770780_n-1536x864.jpg 1536w, https:\/\/diariodigitalmx.com\/wp-content\/uploads\/2024\/05\/445034352_122131897058255719_7741836515577770780_n.jpg 1599w\" sizes=\"(max-width: 1024px) 100vw, 1024px\" \/><\/figure>\n\n\n\n<p>Este domingo faltaron manos para repartir la propaganda de la joven candidata a diputada del PT (que es la 4T) por el Distrito 16 local. Muy gustosa, la gente aceptaba bolsas, gorras y camisetas alusivas a la campa\u00f1a de Perlita, que tambi\u00e9n era solicitada para la toma de fotograf\u00edas y las populares selfies.<\/p>\n\n\n\n<p>Fue un mediod\u00eda inolvidable para la candidata y su equipo de campa\u00f1a que tuvo que multiplicarse para obsequiar la propaganda entre los consumidores del mercadito sobre ruedas.<\/p>\n\n\n\n<figure class=\"wp-block-gallery has-nested-images columns-default is-cropped wp-block-gallery-1 is-layout-flex wp-block-gallery-is-layout-flex\">\n<figure class=\"wp-block-image size-large\"><img loading=\"lazy\" decoding=\"async\" width=\"1024\" height=\"576\" data-id=\"119726\" src=\"https:\/\/diariodigitalmx.com\/wp-content\/uploads\/2024\/05\/445419496_122131897028255719_4063791040483012233_n-1024x576.jpg\" alt=\"\" class=\"wp-image-119726\" srcset=\"https:\/\/diariodigitalmx.com\/wp-content\/uploads\/2024\/05\/445419496_122131897028255719_4063791040483012233_n-1024x576.jpg 1024w, https:\/\/diariodigitalmx.com\/wp-content\/uploads\/2024\/05\/445419496_122131897028255719_4063791040483012233_n-300x169.jpg 300w, https:\/\/diariodigitalmx.com\/wp-content\/uploads\/2024\/05\/445419496_122131897028255719_4063791040483012233_n-768x432.jpg 768w, https:\/\/diariodigitalmx.com\/wp-content\/uploads\/2024\/05\/445419496_122131897028255719_4063791040483012233_n-1536x864.jpg 1536w, https:\/\/diariodigitalmx.com\/wp-content\/uploads\/2024\/05\/445419496_122131897028255719_4063791040483012233_n.jpg 1599w\" sizes=\"(max-width: 1024px) 100vw, 1024px\" \/><\/figure>\n\n\n\n<figure class=\"wp-block-image size-large\"><img loading=\"lazy\" decoding=\"async\" width=\"1024\" height=\"576\" data-id=\"119727\" src=\"https:\/\/diariodigitalmx.com\/wp-content\/uploads\/2024\/05\/445725072_122131896956255719_4087688057917030514_n-1024x576.jpg\" alt=\"\" class=\"wp-image-119727\" srcset=\"https:\/\/diariodigitalmx.com\/wp-content\/uploads\/2024\/05\/445725072_122131896956255719_4087688057917030514_n-1024x576.jpg 1024w, https:\/\/diariodigitalmx.com\/wp-content\/uploads\/2024\/05\/445725072_122131896956255719_4087688057917030514_n-300x169.jpg 300w, https:\/\/diariodigitalmx.com\/wp-content\/uploads\/2024\/05\/445725072_122131896956255719_4087688057917030514_n-768x432.jpg 768w, https:\/\/diariodigitalmx.com\/wp-content\/uploads\/2024\/05\/445725072_122131896956255719_4087688057917030514_n-1536x864.jpg 1536w, https:\/\/diariodigitalmx.com\/wp-content\/uploads\/2024\/05\/445725072_122131896956255719_4087688057917030514_n.jpg 1599w\" sizes=\"(max-width: 1024px) 100vw, 1024px\" \/><\/figure>\n<\/figure>\n\n\n\n<p>A pregunta expresa sobre la cobertura del territorio del Distrito 16 local, el coordinador Osvaldo Serna inform\u00f3 que, pr\u00e1cticamente, la candidata Perla Serna ya camin\u00f3 todo el sector, sus barrios y colonias donde la gente ha aceptado con mucha amabilidad la instalaci\u00f3n de lonas y la propaganda con las propuestas de la aspirante.<\/p>\n\n\n\n<p>En Apodaca hay un clamor por el transporte, por m\u00e1s programas de seguridad contra el robo en casa-habitaci\u00f3n, soluci\u00f3n a la plaga de baches que hay en calles y avenidas.<\/p>\n\n\n\n<p>Y tambi\u00e9n hay una resoluci\u00f3n ciudadana para, mediante el voto, cambiar el estado de cosas en su ciudad, pero \u201cun cambio dr\u00e1stico, en todo\u201d.<\/p>\n","protected":false},"excerpt":{"rendered":"<p>La cr\u00f3nica de Pedro Garc\u00eda A horas de que concluyan los tiempos de la campa\u00f1a rumbo a las elecciones del 2 de junio, la propaganda de Perla Serna \u201cvuela\u201d por la gran demanda que hay entre las vecinas y vecinos de Apodaca que ya la identifican como candidata a diputada al Congreso del Estado. -\u201cMe [&hellip;]<\/p>\n","protected":false},"author":1,"featured_media":119721,"comment_status":"open","ping_status":"open","sticky":true,"template":"","format":"standard","meta":{"footnotes":""},"categories":[14,6],"tags":[],"_links":{"self":[{"href":"https:\/\/diariodigitalmx.com\/index.php\/wp-json\/wp\/v2\/posts\/119719"}],"collection":[{"href":"https:\/\/diariodigitalmx.com\/index.php\/wp-json\/wp\/v2\/posts"}],"about":[{"href":"https:\/\/diariodigitalmx.com\/index.php\/wp-json\/wp\/v2\/types\/post"}],"author":[{"embeddable":true,"href":"https:\/\/diariodigitalmx.com\/index.php\/wp-json\/wp\/v2\/users\/1"}],"replies":[{"embeddable":true,"href":"https:\/\/diariodigitalmx.com\/index.php\/wp-json\/wp\/v2\/comments?post=119719"}],"version-history":[{"count":2,"href":"https:\/\/diariodigitalmx.com\/index.php\/wp-json\/wp\/v2\/posts\/119719\/revisions"}],"predecessor-version":[{"id":119728,"href":"https:\/\/diariodigitalmx.com\/index.php\/wp-json\/wp\/v2\/posts\/119719\/revisions\/119728"}],"wp:featuredmedia":[{"embeddable":true,"href":"https:\/\/diariodigitalmx.com\/index.php\/wp-json\/wp\/v2\/media\/119721"}],"wp:attachment":[{"href":"https:\/\/diariodigitalmx.com\/index.php\/wp-json\/wp\/v2\/media?parent=119719"}],"wp:term":[{"taxonomy":"category","embeddable":true,"href":"https:\/\/diariodigitalmx.com\/index.php\/wp-json\/wp\/v2\/categories?post=119719"},{"taxonomy":"post_tag","embeddable":true,"href":"https:\/\/diariodigitalmx.com\/index.php\/wp-json\/wp\/v2\/tags?post=119719"}],"curies":[{"name":"wp","href":"https:\/\/api.w.org\/{rel}","templated":true}]}}