{"id":119764,"date":"2024-05-27T15:45:30","date_gmt":"2024-05-27T20:45:30","guid":{"rendered":"https:\/\/diariodigitalmx.com\/?p=119764"},"modified":"2024-05-27T15:46:09","modified_gmt":"2024-05-27T20:46:09","slug":"exhorta-dirigente-del-pri-salir-a-votar-por-el-mexico-que-queremos","status":"publish","type":"post","link":"https:\/\/diariodigitalmx.com\/index.php\/2024\/05\/27\/exhorta-dirigente-del-pri-salir-a-votar-por-el-mexico-que-queremos\/","title":{"rendered":"Exhorta dirigente del PRI salir a votar por el M\u00e9xico que queremos"},"content":{"rendered":"\n<p>El pr\u00f3ximo domingo 2 de junio ser\u00e1 un d\u00eda de fiesta democr\u00e1tica para M\u00e9xico, pero solo ser\u00e1 posible si todos los ciudadanos mayores de edad salimos a ejercer nuestro derecho constitucional de votar, en paz y con la libertad de decidir lo que queremos para nuestro pa\u00eds.<\/p>\n\n\n\n<p>El presidente estatal del PRI, Diego Garay Correa se\u00f1al\u00f3 que \u201cel pr\u00f3ximo domingo necesitamos participar todos como sociedad, en el proceso de poder elegir a quienes nos van a gobernar o representar los pr\u00f3ximos 6 a\u00f1os\u201d.<\/p>\n\n\n\n<p>Dijo que es un derecho, pero tambi\u00e9n una obligaci\u00f3n participar para construir el M\u00e9xico que queremos y merecemos.<\/p>\n\n\n\n<p>Asimismo, el dirigente priista pidi\u00f3 a las autoridades que garanticen un clima de paz para que la ciudadan\u00eda pueda acudir a la jornada electoral con toda seguridad y a los partidos pol\u00edticos que respeten la ley y den un testimonio de que verdaderamente quieren avanzar democr\u00e1ticamente.<\/p>\n\n\n\n<p>\u201cLos invitamos a salir a votar, es nuestro derecho y tambi\u00e9n nuestra obligaci\u00f3n, para seguir construyendo este pa\u00eds todos juntos, un pa\u00eds de paz, de justicia, de libertad, un M\u00e9xico en donde la salud, la educaci\u00f3n y los programas sociales para la poblaci\u00f3n vulnerable, sean una prioridad\u201d, agreg\u00f3.<\/p>\n\n\n\n<p>Diego Garay Corre, exhort\u00f3 principalmente a los j\u00f3venes a salir y votar para que puedan tener el M\u00e9xico del cual se puedan sentir orgullosos y en el que tengan la libertad de expresarse y de salir a la calle sin temor.<\/p>\n\n\n\n<p>Afirm\u00f3 que es el momento de generar el cambio que queremos para nosotros mismos y para nuestras familias, de ah\u00ed la importancia de salir a votar el 2 de junio pr\u00f3ximo.<\/p>\n\n\n\n<p>\u201cY no solo eso, nos jugamos la libertad y democracia de M\u00e9xico por eso hay que salir a votar por la coalici\u00f3n Fuerza y Coraz\u00f3n por M\u00e9xico que es la que nos garantiza que sigamos siendo un pa\u00eds libre y democr\u00e1tico\u201d, concluy\u00f3.<\/p>\n","protected":false},"excerpt":{"rendered":"<p>El pr\u00f3ximo domingo 2 de junio ser\u00e1 un d\u00eda de fiesta democr\u00e1tica para M\u00e9xico, pero solo ser\u00e1 posible si todos los ciudadanos mayores de edad salimos a ejercer nuestro derecho constitucional de votar, en paz y con la libertad de decidir lo que queremos para nuestro pa\u00eds. El presidente estatal del PRI, Diego Garay Correa [&hellip;]<\/p>\n","protected":false},"author":1,"featured_media":119766,"comment_status":"open","ping_status":"open","sticky":true,"template":"","format":"standard","meta":{"footnotes":""},"categories":[6,5],"tags":[],"_links":{"self":[{"href":"https:\/\/diariodigitalmx.com\/index.php\/wp-json\/wp\/v2\/posts\/119764"}],"collection":[{"href":"https:\/\/diariodigitalmx.com\/index.php\/wp-json\/wp\/v2\/posts"}],"about":[{"href":"https:\/\/diariodigitalmx.com\/index.php\/wp-json\/wp\/v2\/types\/post"}],"author":[{"embeddable":true,"href":"https:\/\/diariodigitalmx.com\/index.php\/wp-json\/wp\/v2\/users\/1"}],"replies":[{"embeddable":true,"href":"https:\/\/diariodigitalmx.com\/index.php\/wp-json\/wp\/v2\/comments?post=119764"}],"version-history":[{"count":1,"href":"https:\/\/diariodigitalmx.com\/index.php\/wp-json\/wp\/v2\/posts\/119764\/revisions"}],"predecessor-version":[{"id":119765,"href":"https:\/\/diariodigitalmx.com\/index.php\/wp-json\/wp\/v2\/posts\/119764\/revisions\/119765"}],"wp:featuredmedia":[{"embeddable":true,"href":"https:\/\/diariodigitalmx.com\/index.php\/wp-json\/wp\/v2\/media\/119766"}],"wp:attachment":[{"href":"https:\/\/diariodigitalmx.com\/index.php\/wp-json\/wp\/v2\/media?parent=119764"}],"wp:term":[{"taxonomy":"category","embeddable":true,"href":"https:\/\/diariodigitalmx.com\/index.php\/wp-json\/wp\/v2\/categories?post=119764"},{"taxonomy":"post_tag","embeddable":true,"href":"https:\/\/diariodigitalmx.com\/index.php\/wp-json\/wp\/v2\/tags?post=119764"}],"curies":[{"name":"wp","href":"https:\/\/api.w.org\/{rel}","templated":true}]}}