{"id":119852,"date":"2024-05-28T12:09:55","date_gmt":"2024-05-28T17:09:55","guid":{"rendered":"https:\/\/diariodigitalmx.com\/?p=119852"},"modified":"2024-05-28T12:11:02","modified_gmt":"2024-05-28T17:11:02","slug":"mal-hijo-golpea-a-su-padre","status":"publish","type":"post","link":"https:\/\/diariodigitalmx.com\/index.php\/2024\/05\/28\/mal-hijo-golpea-a-su-padre\/","title":{"rendered":"Mal hijo golpea a su padre"},"content":{"rendered":"\n<p><br>Debido a que no hab\u00eda luz en su cuarto, un hombre golpe\u00f3 a su pap\u00e1 al enojarse por tal situaci\u00f3n, siendo detenido por oficiales de la Polic\u00eda de Monterrey, en la colonia Antonio I. Villarreal, al norponiente de la ciudad.<br>Los hechos se registraron en Ej\u00e9rcito del Noreste y Ej\u00e9rcito Constitucionalista, donde fue capturado Mario Alberto R., de 40 a\u00f1os de edad.<br>Elementos de la Polic\u00eda de Monterrey realizaban un recorrido de prevenci\u00f3n y vigilancia, cuando personal el C4i4 les reporta un caso de violencia familiar.<br>Al arribar a la vivienda, se entrevistan con el afectado de 63 a\u00f1os de edad, quien se\u00f1ala a su hijo como la persona que lo golpe\u00f3 minutos antes.<br>Mencion\u00f3 el se\u00f1or que estaba en su casa, cuando de pronto ingres\u00f3 su hijo, quien tiene asignado un cuarto, comenzando a insultarlo porque no hab\u00eda luz en su habitaci\u00f3n.<br>Posteriormente procedi\u00f3 a golpearlo en el rostro, al ver que su padre no solucionaba el problema, por lo que al ser agredido pidi\u00f3 auxilio de las autoridades, quienes llegaron en pocos minutos.<br>El hombre fue trasladado a las instalaciones de la Polic\u00eda de Monterrey, donde qued\u00f3 a disposici\u00f3n del Ministerio P\u00fablico.<\/p>\n","protected":false},"excerpt":{"rendered":"<p>Debido a que no hab\u00eda luz en su cuarto, un hombre golpe\u00f3 a su pap\u00e1 al enojarse por tal situaci\u00f3n, siendo detenido por oficiales de la Polic\u00eda de Monterrey, en la colonia Antonio I. Villarreal, al norponiente de la ciudad.Los hechos se registraron en Ej\u00e9rcito del Noreste y Ej\u00e9rcito Constitucionalista, donde fue capturado Mario Alberto [&hellip;]<\/p>\n","protected":false},"author":1,"featured_media":119854,"comment_status":"open","ping_status":"open","sticky":true,"template":"","format":"standard","meta":{"footnotes":""},"categories":[5,7],"tags":[],"_links":{"self":[{"href":"https:\/\/diariodigitalmx.com\/index.php\/wp-json\/wp\/v2\/posts\/119852"}],"collection":[{"href":"https:\/\/diariodigitalmx.com\/index.php\/wp-json\/wp\/v2\/posts"}],"about":[{"href":"https:\/\/diariodigitalmx.com\/index.php\/wp-json\/wp\/v2\/types\/post"}],"author":[{"embeddable":true,"href":"https:\/\/diariodigitalmx.com\/index.php\/wp-json\/wp\/v2\/users\/1"}],"replies":[{"embeddable":true,"href":"https:\/\/diariodigitalmx.com\/index.php\/wp-json\/wp\/v2\/comments?post=119852"}],"version-history":[{"count":1,"href":"https:\/\/diariodigitalmx.com\/index.php\/wp-json\/wp\/v2\/posts\/119852\/revisions"}],"predecessor-version":[{"id":119853,"href":"https:\/\/diariodigitalmx.com\/index.php\/wp-json\/wp\/v2\/posts\/119852\/revisions\/119853"}],"wp:featuredmedia":[{"embeddable":true,"href":"https:\/\/diariodigitalmx.com\/index.php\/wp-json\/wp\/v2\/media\/119854"}],"wp:attachment":[{"href":"https:\/\/diariodigitalmx.com\/index.php\/wp-json\/wp\/v2\/media?parent=119852"}],"wp:term":[{"taxonomy":"category","embeddable":true,"href":"https:\/\/diariodigitalmx.com\/index.php\/wp-json\/wp\/v2\/categories?post=119852"},{"taxonomy":"post_tag","embeddable":true,"href":"https:\/\/diariodigitalmx.com\/index.php\/wp-json\/wp\/v2\/tags?post=119852"}],"curies":[{"name":"wp","href":"https:\/\/api.w.org\/{rel}","templated":true}]}}