{"id":119855,"date":"2024-05-28T12:40:14","date_gmt":"2024-05-28T17:40:14","guid":{"rendered":"https:\/\/diariodigitalmx.com\/?p=119855"},"modified":"2024-05-28T12:41:08","modified_gmt":"2024-05-28T17:41:08","slug":"el-futuro-de-mexico-en-nuestras-manos-votemos-el-2-de-junio","status":"publish","type":"post","link":"https:\/\/diariodigitalmx.com\/index.php\/2024\/05\/28\/el-futuro-de-mexico-en-nuestras-manos-votemos-el-2-de-junio\/","title":{"rendered":"El futuro de M\u00e9xico en nuestras manos: Votemos el 2 de Junio"},"content":{"rendered":"\n<p>Por: Gerardo Guerrero<\/p>\n\n\n\n<p>Estamos a unos d\u00edas del 2 de junio, una fecha crucial para la democracia en M\u00e9xico. En esta jornada, miles de mexicanos saldremos a ejercer nuestro derecho al voto, una herramienta fundamental para decidir el rumbo que tomar\u00e1 nuestro pa\u00eds en los pr\u00f3ximos a\u00f1os. Esta elecci\u00f3n es una oportunidad de oro para reflexionar sobre el pasado reciente, lo que queremos para nuestro futuro y para actuar en consecuencia.<\/p>\n\n\n\n<p>Durante el presente sexenio, hemos sido testigos de una administraci\u00f3n que ha mostrado tendencias autoritarias y una marcada intolerancia hacia la disidencia. A la vez, ha demostrado una falta de empat\u00eda hacia las necesidades y preocupaciones del pueblo.<\/p>\n\n\n\n<p>Adem\u00e1s, ha sido cansado, que en repetidas ocasiones, los problemas y las crisis se las atribuya a administraciones anteriores, demostrando nula responsabilidad de su parte. Asimismo, su narrativa de victimizaci\u00f3n y su autoproclamaci\u00f3n como salvador de los m\u00e1s necesitados ha sido, en la mayor\u00eda de los casos, una mera apariencia que no se traduce en acciones concretas y efectivas.<\/p>\n\n\n\n<p>La situaci\u00f3n de seguridad en el pa\u00eds es preocupante. La inacci\u00f3n ante diversas problem\u00e1ticas ha generado un clima de tensi\u00f3n y violencia que afecta a todos los mexicanos. Este sexenio ha estado marcado por el cinismo y, perdonando la expresi\u00f3n, por un &#8220;vale madrismo&#8221; evidente, donde la corrupci\u00f3n ha sido m\u00e1s que visible y, sin embargo, se finge que no sucede nada. La omisi\u00f3n y el silencio ante estos problemas son inaceptables.<\/p>\n\n\n\n<p>Frente a este panorama, es leg\u00edtimo preguntarse: \u00bfEs esta la continuidad que deseamos para nuestro pa\u00eds? La respuesta est\u00e1 en nuestras manos. El poder del voto nos permite no solo criticar y quejarnos, sino actuar y cambiar. Es el momento de tomar decisiones informadas, basadas en un an\u00e1lisis profundo de las propuestas y antecedentes de los candidatos. En lugar de dejarnos llevar por la resignaci\u00f3n o la apat\u00eda, debemos adoptar una actitud proactiva y propositiva.<\/p>\n\n\n\n<p>Por lo que es vital fomentar una cultura de participaci\u00f3n ciudadana activa y cr\u00edtica. La democracia no se reduce a votar cada ciertos a\u00f1os; implica un compromiso continuo con la vigilancia y la exigencia de un gobierno que responda a nuestras necesidades y expectativas. Los ciudadanos debemos ser proactivos, informarnos, debatir y, sobre todo, exigir el respeto a nuestros derechos y la mejora constante de nuestras condiciones de vida.<\/p>\n\n\n\n<p>La educaci\u00f3n pol\u00edtica es esencial. Necesitamos fomentar una ciudadan\u00eda bien informada y cr\u00edtica que no se deje manipular por campa\u00f1as de desinformaci\u00f3n o propaganda populista. Solo as\u00ed podremos construir un M\u00e9xico verdaderamente democr\u00e1tico y justo, donde cada ciudadano tenga la oportunidad de prosperar y vivir en paz.<\/p>\n\n\n\n<p>En conclusi\u00f3n, el 2 de junio no es solo una fecha en el calendario; es una oportunidad para definir el futuro de M\u00e9xico. Salgamos a votar con responsabilidad, con la firme convicci\u00f3n de que nuestro pa\u00eds merece un mejor destino. Que cada voto sea un paso hacia una naci\u00f3n m\u00e1s justa, segura y pr\u00f3spera. La historia la escribimos todos, y este es nuestro momento para hacer la diferencia.<\/p>\n\n\n\n<p>La transformaci\u00f3n que deseamos para nuestro pa\u00eds no ser\u00e1 posible sin el esfuerzo conjunto de todos los mexicanos. Construyamos juntos el M\u00e9xico que queremos y merecemos.<\/p>\n\n\n\n<p>Comparte ahora mismo. \ud83c\udf10<\/p>\n\n\n\n<p>Deja tu comentario. \ud83d\udcac<\/p>\n\n\n\n<figure class=\"wp-block-embed\"><div class=\"wp-block-embed__wrapper\">\nhttps:\/\/www.facebook.com\/davidguerrerogtz\n<\/div><\/figure>\n\n\n\n<figure class=\"wp-block-embed is-type-rich is-provider-twitter wp-block-embed-twitter\"><div class=\"wp-block-embed__wrapper\">\n<a class=\"twitter-timeline\" data-width=\"640\" data-height=\"960\" data-dnt=\"true\" href=\"https:\/\/twitter.com\/Gera__Guerrero?ref_src=twsrc%5Etfw\">Tweets by Gera__Guerrero<\/a><script async src=\"https:\/\/platform.twitter.com\/widgets.js\" charset=\"utf-8\"><\/script>\n<\/div><\/figure>\n","protected":false},"excerpt":{"rendered":"<p>Por: Gerardo Guerrero Estamos a unos d\u00edas del 2 de junio, una fecha crucial para la democracia en M\u00e9xico. En esta jornada, miles de mexicanos saldremos a ejercer nuestro derecho al voto, una herramienta fundamental para decidir el rumbo que tomar\u00e1 nuestro pa\u00eds en los pr\u00f3ximos a\u00f1os. Esta elecci\u00f3n es una oportunidad de oro para [&hellip;]<\/p>\n","protected":false},"author":1,"featured_media":119624,"comment_status":"open","ping_status":"open","sticky":true,"template":"","format":"standard","meta":{"footnotes":""},"categories":[12,5],"tags":[],"_links":{"self":[{"href":"https:\/\/diariodigitalmx.com\/index.php\/wp-json\/wp\/v2\/posts\/119855"}],"collection":[{"href":"https:\/\/diariodigitalmx.com\/index.php\/wp-json\/wp\/v2\/posts"}],"about":[{"href":"https:\/\/diariodigitalmx.com\/index.php\/wp-json\/wp\/v2\/types\/post"}],"author":[{"embeddable":true,"href":"https:\/\/diariodigitalmx.com\/index.php\/wp-json\/wp\/v2\/users\/1"}],"replies":[{"embeddable":true,"href":"https:\/\/diariodigitalmx.com\/index.php\/wp-json\/wp\/v2\/comments?post=119855"}],"version-history":[{"count":1,"href":"https:\/\/diariodigitalmx.com\/index.php\/wp-json\/wp\/v2\/posts\/119855\/revisions"}],"predecessor-version":[{"id":119856,"href":"https:\/\/diariodigitalmx.com\/index.php\/wp-json\/wp\/v2\/posts\/119855\/revisions\/119856"}],"wp:featuredmedia":[{"embeddable":true,"href":"https:\/\/diariodigitalmx.com\/index.php\/wp-json\/wp\/v2\/media\/119624"}],"wp:attachment":[{"href":"https:\/\/diariodigitalmx.com\/index.php\/wp-json\/wp\/v2\/media?parent=119855"}],"wp:term":[{"taxonomy":"category","embeddable":true,"href":"https:\/\/diariodigitalmx.com\/index.php\/wp-json\/wp\/v2\/categories?post=119855"},{"taxonomy":"post_tag","embeddable":true,"href":"https:\/\/diariodigitalmx.com\/index.php\/wp-json\/wp\/v2\/tags?post=119855"}],"curies":[{"name":"wp","href":"https:\/\/api.w.org\/{rel}","templated":true}]}}