{"id":119858,"date":"2024-05-28T19:14:06","date_gmt":"2024-05-29T00:14:06","guid":{"rendered":"https:\/\/diariodigitalmx.com\/?p=119858"},"modified":"2024-05-28T19:15:24","modified_gmt":"2024-05-29T00:15:24","slug":"se-compromete-adrian-a-trabajar-por-el-bienestar-animal","status":"publish","type":"post","link":"https:\/\/diariodigitalmx.com\/index.php\/2024\/05\/28\/se-compromete-adrian-a-trabajar-por-el-bienestar-animal\/","title":{"rendered":"Se compromete Adri\u00e1n a trabajar por el bienestar animal"},"content":{"rendered":"\n<p><em>Ofrece una serie de acciones para a la protecci\u00f3n de mascotas y la fauna silvestre y la concientizaci\u00f3n social de que son seres sintientes<\/em><\/p>\n\n\n\n<p>El candidato a la alcald\u00eda de Monterrey, Adri\u00e1n de la Garza Santos, de la alianza \u201cFuerza y coraz\u00f3n por Nuevo Le\u00f3n\u201d se comprometi\u00f3 hoy formalmente a trabajar, desde el Municipio, por una agenda de bienestar animal.<\/p>\n\n\n\n<figure class=\"wp-block-image size-large\"><img loading=\"lazy\" decoding=\"async\" width=\"1024\" height=\"683\" src=\"https:\/\/diariodigitalmx.com\/wp-content\/uploads\/2024\/05\/IMG-20240528-WA0202-1024x683.jpg\" alt=\"\" class=\"wp-image-119861\" srcset=\"https:\/\/diariodigitalmx.com\/wp-content\/uploads\/2024\/05\/IMG-20240528-WA0202-1024x683.jpg 1024w, https:\/\/diariodigitalmx.com\/wp-content\/uploads\/2024\/05\/IMG-20240528-WA0202-300x200.jpg 300w, https:\/\/diariodigitalmx.com\/wp-content\/uploads\/2024\/05\/IMG-20240528-WA0202-768x512.jpg 768w, https:\/\/diariodigitalmx.com\/wp-content\/uploads\/2024\/05\/IMG-20240528-WA0202-1536x1024.jpg 1536w, https:\/\/diariodigitalmx.com\/wp-content\/uploads\/2024\/05\/IMG-20240528-WA0202.jpg 1600w\" sizes=\"(max-width: 1024px) 100vw, 1024px\" \/><\/figure>\n\n\n\n<p>El abanderado del PRI, PAN y PRD, acudi\u00f3 a la sede del Partido Acci\u00f3n Nacional en esta ciudad, a signar el documento que promueven los candidatos de la coalici\u00f3n al Senado, Karina Barr\u00f3n y Fernando Margain, junto con agrupaciones protectoras de los animales.<\/p>\n\n\n\n<p>De la Garza pidi\u00f3 a los activistas no soltar de la mano a las autoridades, ya que necesitan del apoyo y asesor\u00eda de expertos en diversos temas.<\/p>\n\n\n\n<figure class=\"wp-block-image size-large\"><img loading=\"lazy\" decoding=\"async\" width=\"1024\" height=\"683\" src=\"https:\/\/diariodigitalmx.com\/wp-content\/uploads\/2024\/05\/IMG-20240528-WA0201-1024x683.jpg\" alt=\"\" class=\"wp-image-119863\" srcset=\"https:\/\/diariodigitalmx.com\/wp-content\/uploads\/2024\/05\/IMG-20240528-WA0201-1024x683.jpg 1024w, https:\/\/diariodigitalmx.com\/wp-content\/uploads\/2024\/05\/IMG-20240528-WA0201-300x200.jpg 300w, https:\/\/diariodigitalmx.com\/wp-content\/uploads\/2024\/05\/IMG-20240528-WA0201-768x512.jpg 768w, https:\/\/diariodigitalmx.com\/wp-content\/uploads\/2024\/05\/IMG-20240528-WA0201-1536x1024.jpg 1536w, https:\/\/diariodigitalmx.com\/wp-content\/uploads\/2024\/05\/IMG-20240528-WA0201.jpg 1600w\" sizes=\"(max-width: 1024px) 100vw, 1024px\" \/><\/figure>\n\n\n\n<p>\u201cCreo que es un ganar-ganar para toda la sociedad, el poder estar firmando estos compromisos, que se lleven a cabo, se ejecuten y que estemos muy conscientes todos, no nada m\u00e1s los que estamos firmando el d\u00eda de hoy aqu\u00ed, sino todos los ciudadanos de cu\u00e1l es el objetivo, al final de cuentas nos har\u00e1 mejores personas, nos har\u00e1 mejor sociedad y por supuesto, podremos tener una convivencia extraordinaria con todos los seres sintientes y animales\u201d, coment\u00f3.<\/p>\n\n\n\n<p>Algunos de los compromisos adquiridos por el candidato son:<\/p>\n\n\n\n<p>\u2022 Dotar del presupuesto necesario al Centro Municipal de Bienestar Animal para garantizar y ampliar sus servicios.<br>\u2022 Establecer el programa \u201cCaptura, Vacuna, Esteriliza y Libera\u201d para atender las denuncias ciudadanas referentes a focos de poblaciones callejeras caninas y felinas.<br>\u2022 Promoci\u00f3n de la adopci\u00f3n responsable.<br>\u2022 Programa \u201cT\u00fa y Tu Mascota\u201d para fomentar el v\u00ednculo de las personas con sus animales de compa\u00f1\u00eda.<br>\u2022 Detecci\u00f3n y atenci\u00f3n integral de personas acumuladoras de animales o en situaci\u00f3n vulnerable en casas habitaci\u00f3n.<br>\u2022 Desarrollo de campa\u00f1as dirigidas a ni\u00f1as y ni\u00f1os con el objetivo de fomentar el valor del respeto a los animales y su entorno.<br>\u2022 Acciones para prevenir y sancionar el maltrato animal y fomentar la empat\u00eda con los animales en situaci\u00f3n de calle y la fauna silvestre.<br>\u2022 Garantizar la eutanasia de animales sin dolor y sufrimiento a trav\u00e9s de los procedimientos adecuados.<br>\u2022 Programa de manejo adecuado de cad\u00e1veres de animales a trav\u00e9s de la regulaci\u00f3n del descarte adecuado y seguro.<\/p>\n","protected":false},"excerpt":{"rendered":"<p>Ofrece una serie de acciones para a la protecci\u00f3n de mascotas y la fauna silvestre y la concientizaci\u00f3n social de que son seres sintientes El candidato a la alcald\u00eda de Monterrey, Adri\u00e1n de la Garza Santos, de la alianza \u201cFuerza y coraz\u00f3n por Nuevo Le\u00f3n\u201d se comprometi\u00f3 hoy formalmente a trabajar, desde el Municipio, por [&hellip;]<\/p>\n","protected":false},"author":1,"featured_media":119860,"comment_status":"open","ping_status":"open","sticky":true,"template":"","format":"standard","meta":{"footnotes":""},"categories":[6,5],"tags":[],"_links":{"self":[{"href":"https:\/\/diariodigitalmx.com\/index.php\/wp-json\/wp\/v2\/posts\/119858"}],"collection":[{"href":"https:\/\/diariodigitalmx.com\/index.php\/wp-json\/wp\/v2\/posts"}],"about":[{"href":"https:\/\/diariodigitalmx.com\/index.php\/wp-json\/wp\/v2\/types\/post"}],"author":[{"embeddable":true,"href":"https:\/\/diariodigitalmx.com\/index.php\/wp-json\/wp\/v2\/users\/1"}],"replies":[{"embeddable":true,"href":"https:\/\/diariodigitalmx.com\/index.php\/wp-json\/wp\/v2\/comments?post=119858"}],"version-history":[{"count":2,"href":"https:\/\/diariodigitalmx.com\/index.php\/wp-json\/wp\/v2\/posts\/119858\/revisions"}],"predecessor-version":[{"id":119864,"href":"https:\/\/diariodigitalmx.com\/index.php\/wp-json\/wp\/v2\/posts\/119858\/revisions\/119864"}],"wp:featuredmedia":[{"embeddable":true,"href":"https:\/\/diariodigitalmx.com\/index.php\/wp-json\/wp\/v2\/media\/119860"}],"wp:attachment":[{"href":"https:\/\/diariodigitalmx.com\/index.php\/wp-json\/wp\/v2\/media?parent=119858"}],"wp:term":[{"taxonomy":"category","embeddable":true,"href":"https:\/\/diariodigitalmx.com\/index.php\/wp-json\/wp\/v2\/categories?post=119858"},{"taxonomy":"post_tag","embeddable":true,"href":"https:\/\/diariodigitalmx.com\/index.php\/wp-json\/wp\/v2\/tags?post=119858"}],"curies":[{"name":"wp","href":"https:\/\/api.w.org\/{rel}","templated":true}]}}