{"id":119956,"date":"2024-05-29T13:43:22","date_gmt":"2024-05-29T18:43:22","guid":{"rendered":"https:\/\/diariodigitalmx.com\/?p=119956"},"modified":"2024-05-29T13:45:30","modified_gmt":"2024-05-29T18:45:30","slug":"gracias-guadalupe-el-sentir-de-hector-garcia","status":"publish","type":"post","link":"https:\/\/diariodigitalmx.com\/index.php\/2024\/05\/29\/gracias-guadalupe-el-sentir-de-hector-garcia\/","title":{"rendered":"\u00a1Gracias Guadalupe! El sentir de H\u00e9ctor Garc\u00eda"},"content":{"rendered":"\n<figure class=\"wp-block-image size-large\"><img loading=\"lazy\" decoding=\"async\" width=\"1024\" height=\"682\" src=\"https:\/\/diariodigitalmx.com\/wp-content\/uploads\/2024\/05\/IMG-20240529-WA0097-1024x682.jpg\" alt=\"\" class=\"wp-image-119960\" srcset=\"https:\/\/diariodigitalmx.com\/wp-content\/uploads\/2024\/05\/IMG-20240529-WA0097-1024x682.jpg 1024w, https:\/\/diariodigitalmx.com\/wp-content\/uploads\/2024\/05\/IMG-20240529-WA0097-300x200.jpg 300w, https:\/\/diariodigitalmx.com\/wp-content\/uploads\/2024\/05\/IMG-20240529-WA0097-768x512.jpg 768w, https:\/\/diariodigitalmx.com\/wp-content\/uploads\/2024\/05\/IMG-20240529-WA0097.jpg 1280w\" sizes=\"(max-width: 1024px) 100vw, 1024px\" \/><\/figure>\n\n\n\n<p>Al cierre de su campa\u00f1a electoral, H\u00e9ctor Garc\u00eda, candidato de Movimiento Ciudadano a la Alcald\u00eda de Guadalupe, agradeci\u00f3 a la poblaci\u00f3n por el recibimiento que le brindaron en recorridos por colonias, reuniones vecinales, con asociaciones de la sociedad civil, as\u00ed como con&nbsp; la iniciativa privada.&nbsp;<\/p>\n\n\n\n<p>El aspirante de MC calific\u00f3 de invaluable la opini\u00f3n y retroalimentaci\u00f3n que recibi\u00f3 de los ciudadanos, ya que en base a ello dio forma a los compromisos planteados para lograr un nuevo Guadalupe.<\/p>\n\n\n\n<figure class=\"wp-block-image size-large\"><img loading=\"lazy\" decoding=\"async\" width=\"1024\" height=\"690\" src=\"https:\/\/diariodigitalmx.com\/wp-content\/uploads\/2024\/05\/IMG-20240529-WA0095-1024x690.jpg\" alt=\"\" class=\"wp-image-119962\" srcset=\"https:\/\/diariodigitalmx.com\/wp-content\/uploads\/2024\/05\/IMG-20240529-WA0095-1024x690.jpg 1024w, https:\/\/diariodigitalmx.com\/wp-content\/uploads\/2024\/05\/IMG-20240529-WA0095-300x202.jpg 300w, https:\/\/diariodigitalmx.com\/wp-content\/uploads\/2024\/05\/IMG-20240529-WA0095-768x518.jpg 768w, https:\/\/diariodigitalmx.com\/wp-content\/uploads\/2024\/05\/IMG-20240529-WA0095.jpg 1280w\" sizes=\"(max-width: 1024px) 100vw, 1024px\" \/><\/figure>\n\n\n\n<p>\u201cHa sido muy importante para m\u00ed escucharles, saber qu\u00e9 necesita Guadalupe y su gente, porque las propuestas nuestras son de los ciudadanos, le hemos dado forma a todo aquello que la comunidad requiere\u201d.<\/p>\n\n\n\n<p>La voz de los ni\u00f1os tambi\u00e9n fue escuchada as\u00ed como sus demandas por lo que Garc\u00eda&nbsp; les garantiz\u00f3 espacios deportivos en cuanto llegue a la Alcald\u00eda.<\/p>\n\n\n\n<p>De las amas de casa recibi\u00f3 solicitudes de m\u00e1s seguridad y nuevos pavimentos.<\/p>\n\n\n\n<figure class=\"wp-block-image size-large\"><img loading=\"lazy\" decoding=\"async\" width=\"1024\" height=\"682\" src=\"https:\/\/diariodigitalmx.com\/wp-content\/uploads\/2024\/05\/IMG-20240529-WA0098-1024x682.jpg\" alt=\"\" class=\"wp-image-119964\" srcset=\"https:\/\/diariodigitalmx.com\/wp-content\/uploads\/2024\/05\/IMG-20240529-WA0098-1024x682.jpg 1024w, https:\/\/diariodigitalmx.com\/wp-content\/uploads\/2024\/05\/IMG-20240529-WA0098-300x200.jpg 300w, https:\/\/diariodigitalmx.com\/wp-content\/uploads\/2024\/05\/IMG-20240529-WA0098-768x512.jpg 768w, https:\/\/diariodigitalmx.com\/wp-content\/uploads\/2024\/05\/IMG-20240529-WA0098.jpg 1280w\" sizes=\"(max-width: 1024px) 100vw, 1024px\" \/><\/figure>\n\n\n\n<p>Mientras que estudiantes y clase&nbsp; trabajadora pidieron una mejor movilidad para llegar a sus centros laborales y de estudios.<\/p>\n\n\n\n<p>\u201cEl afecto de la gente de Guadalupe es especial, el cari\u00f1o con que te reciben es incre\u00edble y no tengo duda que este 2 de julio, con el apoyo ciudadano, vamos a obtener el triunfo, para gobernar juntos\u201d.&nbsp;<\/p>\n\n\n\n<p>Para ello, H\u00e9ctor Garc\u00eda invit\u00f3 a la poblaci\u00f3n a votar, afirmando que nadie puede perder esta oportunidad de elegir un buen gobierno para los pr\u00f3ximos tres a\u00f1os, y no hacerlo es simplemente resignarse a tener una administraci\u00f3n que no da resultados.<\/p>\n","protected":false},"excerpt":{"rendered":"<p>Al cierre de su campa\u00f1a electoral, H\u00e9ctor Garc\u00eda, candidato de Movimiento Ciudadano a la Alcald\u00eda de Guadalupe, agradeci\u00f3 a la poblaci\u00f3n por el recibimiento que le brindaron en recorridos por colonias, reuniones vecinales, con asociaciones de la sociedad civil, as\u00ed como con&nbsp; la iniciativa privada.&nbsp; El aspirante de MC calific\u00f3 de invaluable la opini\u00f3n y [&hellip;]<\/p>\n","protected":false},"author":1,"featured_media":119958,"comment_status":"open","ping_status":"open","sticky":true,"template":"","format":"standard","meta":{"footnotes":""},"categories":[6,5],"tags":[],"_links":{"self":[{"href":"https:\/\/diariodigitalmx.com\/index.php\/wp-json\/wp\/v2\/posts\/119956"}],"collection":[{"href":"https:\/\/diariodigitalmx.com\/index.php\/wp-json\/wp\/v2\/posts"}],"about":[{"href":"https:\/\/diariodigitalmx.com\/index.php\/wp-json\/wp\/v2\/types\/post"}],"author":[{"embeddable":true,"href":"https:\/\/diariodigitalmx.com\/index.php\/wp-json\/wp\/v2\/users\/1"}],"replies":[{"embeddable":true,"href":"https:\/\/diariodigitalmx.com\/index.php\/wp-json\/wp\/v2\/comments?post=119956"}],"version-history":[{"count":4,"href":"https:\/\/diariodigitalmx.com\/index.php\/wp-json\/wp\/v2\/posts\/119956\/revisions"}],"predecessor-version":[{"id":119965,"href":"https:\/\/diariodigitalmx.com\/index.php\/wp-json\/wp\/v2\/posts\/119956\/revisions\/119965"}],"wp:featuredmedia":[{"embeddable":true,"href":"https:\/\/diariodigitalmx.com\/index.php\/wp-json\/wp\/v2\/media\/119958"}],"wp:attachment":[{"href":"https:\/\/diariodigitalmx.com\/index.php\/wp-json\/wp\/v2\/media?parent=119956"}],"wp:term":[{"taxonomy":"category","embeddable":true,"href":"https:\/\/diariodigitalmx.com\/index.php\/wp-json\/wp\/v2\/categories?post=119956"},{"taxonomy":"post_tag","embeddable":true,"href":"https:\/\/diariodigitalmx.com\/index.php\/wp-json\/wp\/v2\/tags?post=119956"}],"curies":[{"name":"wp","href":"https:\/\/api.w.org\/{rel}","templated":true}]}}