{"id":119975,"date":"2024-05-29T14:10:17","date_gmt":"2024-05-29T19:10:17","guid":{"rendered":"https:\/\/diariodigitalmx.com\/?p=119975"},"modified":"2024-05-29T14:12:19","modified_gmt":"2024-05-29T19:12:19","slug":"encabeza-mijes-jornada-de-limpieza-en-escobedo","status":"publish","type":"post","link":"https:\/\/diariodigitalmx.com\/index.php\/2024\/05\/29\/encabeza-mijes-jornada-de-limpieza-en-escobedo\/","title":{"rendered":"Encabeza Mijes jornada de limpieza en Escobedo"},"content":{"rendered":"\n<p>Andr\u00e9s Mijes decidi\u00f3 en este \u00faltimo d\u00eda de campa\u00f1a dejar de lado los recorridos para junto con su equipo de trabajo limpiar las calles de Escobedo de los da\u00f1os que dej\u00f3 a su paso las fuertes lluvias que se registraron en las \u00faltimas horas.<\/p>\n\n\n\n<p>Durante las primeras horas de este mi\u00e9rcoles el Candidato de la coalici\u00f3n &#8220;Sigamos Haciendo Historia&#8221; recorri\u00f3 las avenidas, calles y colonias para retirar escombro, ramas tiradas y basura acumulada en alcantarillas.<\/p>\n\n\n\n<figure class=\"wp-block-image size-large\"><img loading=\"lazy\" decoding=\"async\" width=\"1024\" height=\"682\" src=\"https:\/\/diariodigitalmx.com\/wp-content\/uploads\/2024\/05\/FOTO-2-3-1024x682.jpg\" alt=\"\" class=\"wp-image-119978\" srcset=\"https:\/\/diariodigitalmx.com\/wp-content\/uploads\/2024\/05\/FOTO-2-3-1024x682.jpg 1024w, https:\/\/diariodigitalmx.com\/wp-content\/uploads\/2024\/05\/FOTO-2-3-300x200.jpg 300w, https:\/\/diariodigitalmx.com\/wp-content\/uploads\/2024\/05\/FOTO-2-3-768x512.jpg 768w, https:\/\/diariodigitalmx.com\/wp-content\/uploads\/2024\/05\/FOTO-2-3-1536x1023.jpg 1536w, https:\/\/diariodigitalmx.com\/wp-content\/uploads\/2024\/05\/FOTO-2-3-2048x1364.jpg 2048w\" sizes=\"(max-width: 1024px) 100vw, 1024px\" \/><\/figure>\n\n\n\n<p>&#8220;En este \u00faltimo d\u00eda de campa\u00f1a hemos decidi\u00f3 suspender toda actividad y recorridos para enfocarnos en la limpieza de nuestra Ciudad, la lluvia que si bien es bien recibida nos dej\u00f3 a su paso graves da\u00f1os en nuestras calles, por ello decidimos actuar y retirar todo escombro que afecte a los vecinos&#8221;, mencion\u00f3.<\/p>\n\n\n\n<p>Las acciones comenzaron en la Avenida Pinos, en la Colonia Joyas de An\u00e1huac donde Mijes junto a su equipo retiraron unas ramas que obstru\u00edan un carril de la precisada arteria vial.<\/p>\n\n\n\n<figure class=\"wp-block-image size-large\"><img loading=\"lazy\" decoding=\"async\" width=\"1024\" height=\"682\" src=\"https:\/\/diariodigitalmx.com\/wp-content\/uploads\/2024\/05\/FOTO-3-3-1024x682.jpg\" alt=\"\" class=\"wp-image-119981\" srcset=\"https:\/\/diariodigitalmx.com\/wp-content\/uploads\/2024\/05\/FOTO-3-3-1024x682.jpg 1024w, https:\/\/diariodigitalmx.com\/wp-content\/uploads\/2024\/05\/FOTO-3-3-300x200.jpg 300w, https:\/\/diariodigitalmx.com\/wp-content\/uploads\/2024\/05\/FOTO-3-3-768x512.jpg 768w, https:\/\/diariodigitalmx.com\/wp-content\/uploads\/2024\/05\/FOTO-3-3-1536x1023.jpg 1536w, https:\/\/diariodigitalmx.com\/wp-content\/uploads\/2024\/05\/FOTO-3-3-2048x1364.jpg 2048w\" sizes=\"(max-width: 1024px) 100vw, 1024px\" \/><\/figure>\n\n\n\n<p>Los restos del \u00e1rbol que fue retiraron fue colocado a un costado para no interferir el paso de veh\u00edculos o peatones.<\/p>\n\n\n\n<p>A la par, otro equipo se dirigi\u00f3 a la Calle Aquiles Serd\u00e1n en la Colonia Diecis\u00e9is de Septiembre, donde con pico en mano retiraron una rama de tama\u00f1o considerable que imped\u00eda el tr\u00e1nsito en el punto.<\/p>\n\n\n\n<p>Tambi\u00e9n, en la Carretera a Colombia a la altura de la Colonia Las Hadas, otro equipo de trabajo limpi\u00f3 las alcantarillas, retirando basura y escombro que arrastr\u00f3 la lluvia.<\/p>\n\n\n\n<p>Los trabajos tambi\u00e9n se enfocaron en la V\u00eda Lazio, entre V\u00eda Leonardo Da Vinci y V\u00eda Antonio Pisano, en la Colonia Joya de An\u00e1huac Residencial sector N\u00e1poles.<\/p>\n\n\n\n<p>La acci\u00f3n de limpieza continuar\u00e1 a lo largo de este d\u00eda.<\/p>\n","protected":false},"excerpt":{"rendered":"<p>Andr\u00e9s Mijes decidi\u00f3 en este \u00faltimo d\u00eda de campa\u00f1a dejar de lado los recorridos para junto con su equipo de trabajo limpiar las calles de Escobedo de los da\u00f1os que dej\u00f3 a su paso las fuertes lluvias que se registraron en las \u00faltimas horas. Durante las primeras horas de este mi\u00e9rcoles el Candidato de la [&hellip;]<\/p>\n","protected":false},"author":1,"featured_media":119977,"comment_status":"open","ping_status":"open","sticky":true,"template":"","format":"standard","meta":{"footnotes":""},"categories":[14,6],"tags":[],"_links":{"self":[{"href":"https:\/\/diariodigitalmx.com\/index.php\/wp-json\/wp\/v2\/posts\/119975"}],"collection":[{"href":"https:\/\/diariodigitalmx.com\/index.php\/wp-json\/wp\/v2\/posts"}],"about":[{"href":"https:\/\/diariodigitalmx.com\/index.php\/wp-json\/wp\/v2\/types\/post"}],"author":[{"embeddable":true,"href":"https:\/\/diariodigitalmx.com\/index.php\/wp-json\/wp\/v2\/users\/1"}],"replies":[{"embeddable":true,"href":"https:\/\/diariodigitalmx.com\/index.php\/wp-json\/wp\/v2\/comments?post=119975"}],"version-history":[{"count":3,"href":"https:\/\/diariodigitalmx.com\/index.php\/wp-json\/wp\/v2\/posts\/119975\/revisions"}],"predecessor-version":[{"id":119982,"href":"https:\/\/diariodigitalmx.com\/index.php\/wp-json\/wp\/v2\/posts\/119975\/revisions\/119982"}],"wp:featuredmedia":[{"embeddable":true,"href":"https:\/\/diariodigitalmx.com\/index.php\/wp-json\/wp\/v2\/media\/119977"}],"wp:attachment":[{"href":"https:\/\/diariodigitalmx.com\/index.php\/wp-json\/wp\/v2\/media?parent=119975"}],"wp:term":[{"taxonomy":"category","embeddable":true,"href":"https:\/\/diariodigitalmx.com\/index.php\/wp-json\/wp\/v2\/categories?post=119975"},{"taxonomy":"post_tag","embeddable":true,"href":"https:\/\/diariodigitalmx.com\/index.php\/wp-json\/wp\/v2\/tags?post=119975"}],"curies":[{"name":"wp","href":"https:\/\/api.w.org\/{rel}","templated":true}]}}