{"id":119984,"date":"2024-05-29T21:02:37","date_gmt":"2024-05-30T02:02:37","guid":{"rendered":"https:\/\/diariodigitalmx.com\/?p=119984"},"modified":"2024-05-29T21:05:06","modified_gmt":"2024-05-30T02:05:06","slug":"en-palacio-nacional-estan-temblando-de-miedo-porque-ya-vieron-la-magnitud-de-la-marea-rosa-afirma-xochitl","status":"publish","type":"post","link":"https:\/\/diariodigitalmx.com\/index.php\/2024\/05\/29\/en-palacio-nacional-estan-temblando-de-miedo-porque-ya-vieron-la-magnitud-de-la-marea-rosa-afirma-xochitl\/","title":{"rendered":"&#8220;En Palacio Nacional est\u00e1n temblando de miedo porque ya vieron la magnitud de la Marea Rosa&#8221;, afirma X\u00f3chitl"},"content":{"rendered":"\n<figure class=\"wp-block-image size-large\"><img loading=\"lazy\" decoding=\"async\" width=\"1024\" height=\"683\" src=\"https:\/\/diariodigitalmx.com\/wp-content\/uploads\/2024\/05\/IMG-20240529-WA0231-1024x683.jpg\" alt=\"\" class=\"wp-image-119988\" srcset=\"https:\/\/diariodigitalmx.com\/wp-content\/uploads\/2024\/05\/IMG-20240529-WA0231-1024x683.jpg 1024w, https:\/\/diariodigitalmx.com\/wp-content\/uploads\/2024\/05\/IMG-20240529-WA0231-300x200.jpg 300w, https:\/\/diariodigitalmx.com\/wp-content\/uploads\/2024\/05\/IMG-20240529-WA0231-768x512.jpg 768w, https:\/\/diariodigitalmx.com\/wp-content\/uploads\/2024\/05\/IMG-20240529-WA0231.jpg 1500w\" sizes=\"(max-width: 1024px) 100vw, 1024px\" \/><\/figure>\n\n\n\n<p>Luis Cervantes<br>Monterrey . &#8211; X\u00f3chitl G\u00e1lvez<br>asegur\u00f3 aqu\u00ed que el pr\u00f3ximo domingo la voluntad de los mexicanos que ya est\u00e1n cansados &#8220;de tantas mentiras&#8221; quedar\u00e1 reflejada en las urnas en favor de &#8220;la candidata m\u00e1s valiente que si enfrentar\u00e1 a la delincuencia con acciones y no con abrazos&#8221;.<\/p>\n\n\n\n<p>De igual forma asegur\u00f3 que regresar\u00e1 el Seguro Popular para darle atenci\u00f3n a todas las familias y acceso al servicio de salud universal.<\/p>\n\n\n\n<figure class=\"wp-block-image size-large\"><img loading=\"lazy\" decoding=\"async\" width=\"683\" height=\"1024\" src=\"https:\/\/diariodigitalmx.com\/wp-content\/uploads\/2024\/05\/IMG-20240529-WA0233-683x1024.jpg\" alt=\"\" class=\"wp-image-119990\" srcset=\"https:\/\/diariodigitalmx.com\/wp-content\/uploads\/2024\/05\/IMG-20240529-WA0233-683x1024.jpg 683w, https:\/\/diariodigitalmx.com\/wp-content\/uploads\/2024\/05\/IMG-20240529-WA0233-200x300.jpg 200w, https:\/\/diariodigitalmx.com\/wp-content\/uploads\/2024\/05\/IMG-20240529-WA0233-768x1152.jpg 768w, https:\/\/diariodigitalmx.com\/wp-content\/uploads\/2024\/05\/IMG-20240529-WA0233.jpg 1000w\" sizes=\"(max-width: 683px) 100vw, 683px\" \/><\/figure>\n\n\n\n<p>Vamos a cuidar de nuestros ni\u00f1os, de nuestras mujeres madres y especialmente de nuestros adultos mayores&#8221; reitero.<\/p>\n\n\n\n<p>La candidata de Fuerza y Coraz\u00f3n por M\u00e9xico reiter\u00f3 su compromiso de valores sustentado en la vida, la verdad y la libertad.<br>&#8220;La verdad, porque ya estamos hartos de las mentiras del actual gobierno \u2026.<br>Y a voz en grito pregunt\u00f3 a los cerca de 16 mil asistentes, &#8220;Estamos mejor en cobertura de Salud?&#8221; Y el p\u00fablico le respondi\u00f3 &#8220;\u00a1Noooo!&#8221;<\/p>\n\n\n\n<p>&#8220;Baj\u00f3 la gasolina a diez pesos?&#8221; y otro sonoro &#8220;\u00a1Noooo!&#8221; se dej\u00f3 escuchar<\/p>\n\n\n\n<figure class=\"wp-block-image size-large\"><img loading=\"lazy\" decoding=\"async\" width=\"1024\" height=\"683\" src=\"https:\/\/diariodigitalmx.com\/wp-content\/uploads\/2024\/05\/IMG-20240529-WA0242-1024x683.jpg\" alt=\"\" class=\"wp-image-119993\" srcset=\"https:\/\/diariodigitalmx.com\/wp-content\/uploads\/2024\/05\/IMG-20240529-WA0242-1024x683.jpg 1024w, https:\/\/diariodigitalmx.com\/wp-content\/uploads\/2024\/05\/IMG-20240529-WA0242-300x200.jpg 300w, https:\/\/diariodigitalmx.com\/wp-content\/uploads\/2024\/05\/IMG-20240529-WA0242-768x512.jpg 768w, https:\/\/diariodigitalmx.com\/wp-content\/uploads\/2024\/05\/IMG-20240529-WA0242.jpg 1500w\" sizes=\"(max-width: 1024px) 100vw, 1024px\" \/><\/figure>\n\n\n\n<p>&#8220;Estamos m\u00e1s seguros, baj\u00f3 la delincuencia?&#8221; Y la misma negativa reson\u00f3 en el inmueble.<\/p>\n\n\n\n<p>Finalmente exhort\u00f3 a todos los presentes a participar en la jornada electoral del pr\u00f3ximo 2 de Junio &#8220;Porque solamente saliendo a votar podemos recuperar el destino de este Pa\u00eds&#8221; puntualiz\u00f3.<\/p>\n","protected":false},"excerpt":{"rendered":"<p>Luis CervantesMonterrey . &#8211; X\u00f3chitl G\u00e1lvezasegur\u00f3 aqu\u00ed que el pr\u00f3ximo domingo la voluntad de los mexicanos que ya est\u00e1n cansados &#8220;de tantas mentiras&#8221; quedar\u00e1 reflejada en las urnas en favor de &#8220;la candidata m\u00e1s valiente que si enfrentar\u00e1 a la delincuencia con acciones y no con abrazos&#8221;. De igual forma asegur\u00f3 que regresar\u00e1 el Seguro [&hellip;]<\/p>\n","protected":false},"author":1,"featured_media":119986,"comment_status":"open","ping_status":"open","sticky":true,"template":"","format":"standard","meta":{"footnotes":""},"categories":[6,3],"tags":[],"_links":{"self":[{"href":"https:\/\/diariodigitalmx.com\/index.php\/wp-json\/wp\/v2\/posts\/119984"}],"collection":[{"href":"https:\/\/diariodigitalmx.com\/index.php\/wp-json\/wp\/v2\/posts"}],"about":[{"href":"https:\/\/diariodigitalmx.com\/index.php\/wp-json\/wp\/v2\/types\/post"}],"author":[{"embeddable":true,"href":"https:\/\/diariodigitalmx.com\/index.php\/wp-json\/wp\/v2\/users\/1"}],"replies":[{"embeddable":true,"href":"https:\/\/diariodigitalmx.com\/index.php\/wp-json\/wp\/v2\/comments?post=119984"}],"version-history":[{"count":4,"href":"https:\/\/diariodigitalmx.com\/index.php\/wp-json\/wp\/v2\/posts\/119984\/revisions"}],"predecessor-version":[{"id":119994,"href":"https:\/\/diariodigitalmx.com\/index.php\/wp-json\/wp\/v2\/posts\/119984\/revisions\/119994"}],"wp:featuredmedia":[{"embeddable":true,"href":"https:\/\/diariodigitalmx.com\/index.php\/wp-json\/wp\/v2\/media\/119986"}],"wp:attachment":[{"href":"https:\/\/diariodigitalmx.com\/index.php\/wp-json\/wp\/v2\/media?parent=119984"}],"wp:term":[{"taxonomy":"category","embeddable":true,"href":"https:\/\/diariodigitalmx.com\/index.php\/wp-json\/wp\/v2\/categories?post=119984"},{"taxonomy":"post_tag","embeddable":true,"href":"https:\/\/diariodigitalmx.com\/index.php\/wp-json\/wp\/v2\/tags?post=119984"}],"curies":[{"name":"wp","href":"https:\/\/api.w.org\/{rel}","templated":true}]}}