{"id":120001,"date":"2024-05-29T22:37:52","date_gmt":"2024-05-30T03:37:52","guid":{"rendered":"https:\/\/diariodigitalmx.com\/?p=120001"},"modified":"2024-05-29T22:40:30","modified_gmt":"2024-05-30T03:40:30","slug":"concluye-adrian-campana-en-la-arena-monterrey-junto-a-xochitl-galvez","status":"publish","type":"post","link":"https:\/\/diariodigitalmx.com\/index.php\/2024\/05\/29\/concluye-adrian-campana-en-la-arena-monterrey-junto-a-xochitl-galvez\/","title":{"rendered":"Concluye Adri\u00e1n campa\u00f1a en la Arena Monterrey junto a X\u00f3chitl G\u00e1lvez"},"content":{"rendered":"\n<figure class=\"wp-block-image size-large\"><img loading=\"lazy\" decoding=\"async\" width=\"1024\" height=\"682\" src=\"https:\/\/diariodigitalmx.com\/wp-content\/uploads\/2024\/05\/IMG-20240529-WA0287-1024x682.jpg\" alt=\"\" class=\"wp-image-120004\" srcset=\"https:\/\/diariodigitalmx.com\/wp-content\/uploads\/2024\/05\/IMG-20240529-WA0287-1024x682.jpg 1024w, https:\/\/diariodigitalmx.com\/wp-content\/uploads\/2024\/05\/IMG-20240529-WA0287-300x200.jpg 300w, https:\/\/diariodigitalmx.com\/wp-content\/uploads\/2024\/05\/IMG-20240529-WA0287-768x512.jpg 768w, https:\/\/diariodigitalmx.com\/wp-content\/uploads\/2024\/05\/IMG-20240529-WA0287-1536x1023.jpg 1536w, https:\/\/diariodigitalmx.com\/wp-content\/uploads\/2024\/05\/IMG-20240529-WA0287.jpg 1600w\" sizes=\"(max-width: 1024px) 100vw, 1024px\" \/><\/figure>\n\n\n\n<p>*<em>Ofrecen trabajar de manera coordinada para darle a los regiomontanos m\u00e1s oportunidades y mejor calidad de vida<\/em><\/p>\n\n\n\n<p>Ante miles de simpatizantes reunidos en la Arena Monterrey, la tarde de este mi\u00e9rcoles concluy\u00f3 su proselitismo el candidato a la alcald\u00eda regia, Adri\u00e1n de la Garza Santos, junto con la aspirante a la presidencia del pa\u00eds, X\u00f3chitl G\u00e1lvez.<\/p>\n\n\n\n<p>En el marco del cierre de campa\u00f1as de los abanderados locales de la alianza \u201cFuerza y coraz\u00f3n por M\u00e9xico\u201d, De la Garza honr\u00f3 a las v\u00edctimas del accidente en San Pedro en un evento pol\u00edtico con un minuto de silencio.<\/p>\n\n\n\n<figure class=\"wp-block-image size-large\"><img loading=\"lazy\" decoding=\"async\" width=\"1024\" height=\"682\" src=\"https:\/\/diariodigitalmx.com\/wp-content\/uploads\/2024\/05\/IMG-20240529-WA0289-1024x682.jpg\" alt=\"\" class=\"wp-image-120006\" srcset=\"https:\/\/diariodigitalmx.com\/wp-content\/uploads\/2024\/05\/IMG-20240529-WA0289-1024x682.jpg 1024w, https:\/\/diariodigitalmx.com\/wp-content\/uploads\/2024\/05\/IMG-20240529-WA0289-300x200.jpg 300w, https:\/\/diariodigitalmx.com\/wp-content\/uploads\/2024\/05\/IMG-20240529-WA0289-768x512.jpg 768w, https:\/\/diariodigitalmx.com\/wp-content\/uploads\/2024\/05\/IMG-20240529-WA0289-1536x1023.jpg 1536w, https:\/\/diariodigitalmx.com\/wp-content\/uploads\/2024\/05\/IMG-20240529-WA0289.jpg 1600w\" sizes=\"(max-width: 1024px) 100vw, 1024px\" \/><\/figure>\n\n\n\n<p>\u201cEs importante nuestra solidaridad y la muestra de respeto y cari\u00f1o\u201d, afirm\u00f3.<\/p>\n\n\n\n<p>En su discurso final antes de las elecciones del pr\u00f3ximo domingo el candidato de la coalici\u00f3n que conforman los partidos PRI, PAN y PRD, agradeci\u00f3 a la gente de Monterrey que le dio su apoyo durante cada recorrido por las colonias de la ciudad.<\/p>\n\n\n\n<p>Tambi\u00e9n elogi\u00f3 el trabajo de su equipo, la compa\u00f1\u00eda de su familia, y el apoyo de los presidentes de cada uno de los partidos de la alianza.<\/p>\n\n\n\n<figure class=\"wp-block-image size-large\"><img loading=\"lazy\" decoding=\"async\" width=\"1024\" height=\"682\" src=\"https:\/\/diariodigitalmx.com\/wp-content\/uploads\/2024\/05\/IMG-20240529-WA0290-1024x682.jpg\" alt=\"\" class=\"wp-image-120007\" srcset=\"https:\/\/diariodigitalmx.com\/wp-content\/uploads\/2024\/05\/IMG-20240529-WA0290-1024x682.jpg 1024w, https:\/\/diariodigitalmx.com\/wp-content\/uploads\/2024\/05\/IMG-20240529-WA0290-300x200.jpg 300w, https:\/\/diariodigitalmx.com\/wp-content\/uploads\/2024\/05\/IMG-20240529-WA0290-768x512.jpg 768w, https:\/\/diariodigitalmx.com\/wp-content\/uploads\/2024\/05\/IMG-20240529-WA0290-1536x1023.jpg 1536w, https:\/\/diariodigitalmx.com\/wp-content\/uploads\/2024\/05\/IMG-20240529-WA0290.jpg 1600w\" sizes=\"(max-width: 1024px) 100vw, 1024px\" \/><\/figure>\n\n\n\n<p>Exhort\u00f3 a los seguidores a no olvidar que esta elecci\u00f3n es hist\u00f3rica porque est\u00e1 en juego la democracia del pa\u00eds.<\/p>\n\n\n\n<p>Por eso pidi\u00f3 el voto a favor de la opci\u00f3n que mantendr\u00e1 a M\u00e9xico libre.<\/p>\n\n\n\n<p>\u201cTenemos la opci\u00f3n del M\u00e9xico con justicia, la opci\u00f3n del M\u00e9xico con libertad, la opci\u00f3n del M\u00e9xico que crece, que florece, que brilla, la opci\u00f3n del M\u00e9xico democr\u00e1tico y esa es la opci\u00f3n que nos da nuestra candidata y pr\u00f3xima presidenta de M\u00e9xico, X\u00f3chitl G\u00e1lvez, es la opci\u00f3n de nuestra coalici\u00f3n Fuerza y coraz\u00f3n por M\u00e9xico y Fuerza y coraz\u00f3n por Nuevo Le\u00f3n\u201d, sentenci\u00f3.<\/p>\n\n\n\n<p>Resalt\u00f3 la asistencia en esta capital de la candidata presidencial y le agradeci\u00f3 por elegir a Nuevo Le\u00f3n para estar presente en los \u00faltimos minutos de su campa\u00f1a.<\/p>\n\n\n\n<p>A su vez, X\u00f3chitl G\u00e1lvez ofreci\u00f3 a los regios trabajar de manera conjunta con Adri\u00e1n para darle a los ciudadanos una mejor calidad de vida.<\/p>\n\n\n\n<p>Afirm\u00f3 que De la Garza regresar\u00e1 la paz y la seguridad a Monterrey y ella, desde la presidencia, apoyar\u00e1 al municipio con m\u00e1s recursos.<\/p>\n\n\n\n<p>\u201cNuevo Le\u00f3n es s\u00edmbolo del esfuerzo y del trabajo, sepan que admiramos a Nuevo Le\u00f3n en todo M\u00e9xico\u201d, asegur\u00f3.<\/p>\n\n\n\n<p>\u201cCon Adri\u00e1n vamos a trabajar en programas adicionales para Monterrey, plantas de tratamiento de agua, celdas solares para generar energ\u00eda y har\u00e9 lo que tenga que hacer para que haya aire limpio en Monterrey\u201d.<\/p>\n\n\n\n<p>CRUCEROS<\/p>\n\n\n\n<p>En el transcurso del d\u00eda, Adri\u00e1n de la Garza estuvo promoviendo sus propuestas en dos importantes cruceros de la ciudad.<\/p>\n\n\n\n<p>En Ruiz Cortines y Rangel Fr\u00edas, con el apoyo de su hijo Emilio habl\u00f3 con decenas de personas que pasaban por el lugar.<\/p>\n\n\n\n<p>M\u00e1s tarde, en Madero y Bernardo Reyes, hizo lo propio en compa\u00f1\u00eda de su familia y equipo para luego dirigirse al cierre de campa\u00f1a estatal en la Arena Monterrey que luci\u00f3 abarrotada.<\/p>\n","protected":false},"excerpt":{"rendered":"<p>*Ofrecen trabajar de manera coordinada para darle a los regiomontanos m\u00e1s oportunidades y mejor calidad de vida Ante miles de simpatizantes reunidos en la Arena Monterrey, la tarde de este mi\u00e9rcoles concluy\u00f3 su proselitismo el candidato a la alcald\u00eda regia, Adri\u00e1n de la Garza Santos, junto con la aspirante a la presidencia del pa\u00eds, X\u00f3chitl [&hellip;]<\/p>\n","protected":false},"author":1,"featured_media":120003,"comment_status":"open","ping_status":"open","sticky":true,"template":"","format":"standard","meta":{"footnotes":""},"categories":[14,6],"tags":[],"_links":{"self":[{"href":"https:\/\/diariodigitalmx.com\/index.php\/wp-json\/wp\/v2\/posts\/120001"}],"collection":[{"href":"https:\/\/diariodigitalmx.com\/index.php\/wp-json\/wp\/v2\/posts"}],"about":[{"href":"https:\/\/diariodigitalmx.com\/index.php\/wp-json\/wp\/v2\/types\/post"}],"author":[{"embeddable":true,"href":"https:\/\/diariodigitalmx.com\/index.php\/wp-json\/wp\/v2\/users\/1"}],"replies":[{"embeddable":true,"href":"https:\/\/diariodigitalmx.com\/index.php\/wp-json\/wp\/v2\/comments?post=120001"}],"version-history":[{"count":2,"href":"https:\/\/diariodigitalmx.com\/index.php\/wp-json\/wp\/v2\/posts\/120001\/revisions"}],"predecessor-version":[{"id":120008,"href":"https:\/\/diariodigitalmx.com\/index.php\/wp-json\/wp\/v2\/posts\/120001\/revisions\/120008"}],"wp:featuredmedia":[{"embeddable":true,"href":"https:\/\/diariodigitalmx.com\/index.php\/wp-json\/wp\/v2\/media\/120003"}],"wp:attachment":[{"href":"https:\/\/diariodigitalmx.com\/index.php\/wp-json\/wp\/v2\/media?parent=120001"}],"wp:term":[{"taxonomy":"category","embeddable":true,"href":"https:\/\/diariodigitalmx.com\/index.php\/wp-json\/wp\/v2\/categories?post=120001"},{"taxonomy":"post_tag","embeddable":true,"href":"https:\/\/diariodigitalmx.com\/index.php\/wp-json\/wp\/v2\/tags?post=120001"}],"curies":[{"name":"wp","href":"https:\/\/api.w.org\/{rel}","templated":true}]}}