{"id":120013,"date":"2024-05-30T07:27:51","date_gmt":"2024-05-30T12:27:51","guid":{"rendered":"https:\/\/diariodigitalmx.com\/?p=120013"},"modified":"2024-05-30T07:28:42","modified_gmt":"2024-05-30T12:28:42","slug":"nos-vamos-juntos","status":"publish","type":"post","link":"https:\/\/diariodigitalmx.com\/index.php\/2024\/05\/30\/nos-vamos-juntos\/","title":{"rendered":"Nos vamos juntos"},"content":{"rendered":"\n<p>Gerson G\u00f3mez Salas <\/p>\n\n\n\n<p>Recibimos puntuales el nombramiento. En la puerta de casa se present\u00f3 el personal del INE. Por semanas estuvieron rondando las calles del barrio.<\/p>\n\n\n\n<p>Quienes resultaron sorteados inventaron mil historias. Para ellos esta elecci\u00f3n representa sesgo. Ni siquiera para participar en el deber ciudadano. Dar servicio de buena voluntad a los vecinos.<\/p>\n\n\n\n<p>En un barrio pr\u00f3ximo al ITESM, envejecido por la imposibilidad de los hijos por comprar vivienda en la zona. Son tan altos los precios como tan exiguos los salarios. Incluyendo a muchos de ellos profesionistas, con maestr\u00eda e incluso doctorado.<\/p>\n\n\n\n<p>Los alrededores tienen vida solo de viernes a domingo. A la visita obligada a las familias para convivir con los nietos. Ir a la plaza. Jugar en las amenidades como los columpios o pasear con las mascotas.<\/p>\n\n\n\n<p>Somos los suplentes numero uno. De faltar cualquier funcionario entramos en funci\u00f3n. Recordamos la elecci\u00f3n del 2018. Al ser presidente de casilla aprendimos a perder la paciencia con los vecinos.<\/p>\n\n\n\n<p>La locura de quienes ningunearon a los mismos integrantes ciudadanos. Formados desde las 6:30 am para ser los primeros al abrirse a las casillas a las 8. Hicimos la talacha de cargadores de mesas, sillas y hasta de pedir el sanitario prestado.<\/p>\n\n\n\n<p>Labor nada sencilla ni simple. Aparecer en televisi\u00f3n en la cobertura de los medios informativos. Del padr\u00f3n vot\u00f3 el 67%. No sobraron votos. No hubo una sola llamada u objeci\u00f3n de los representantes de los partidos pol\u00edticos.<\/p>\n\n\n\n<p>Cuadr\u00f3 como deber\u00eda serlo en el pa\u00eds. A las dos de la ma\u00f1ana del lunes nos recibieron la paqueter\u00eda los del INE. Por eso en esta ocasi\u00f3n votaremos despu\u00e9s de medio d\u00eda. Ya organizada la elecci\u00f3n. Por razones de salud. No por apat\u00eda.<\/p>\n","protected":false},"excerpt":{"rendered":"<p>Gerson G\u00f3mez Salas Recibimos puntuales el nombramiento. En la puerta de casa se present\u00f3 el personal del INE. Por semanas estuvieron rondando las calles del barrio. Quienes resultaron sorteados inventaron mil historias. Para ellos esta elecci\u00f3n representa sesgo. Ni siquiera para participar en el deber ciudadano. Dar servicio de buena voluntad a los vecinos. En [&hellip;]<\/p>\n","protected":false},"author":1,"featured_media":119833,"comment_status":"open","ping_status":"open","sticky":true,"template":"","format":"standard","meta":{"footnotes":""},"categories":[14,12],"tags":[],"_links":{"self":[{"href":"https:\/\/diariodigitalmx.com\/index.php\/wp-json\/wp\/v2\/posts\/120013"}],"collection":[{"href":"https:\/\/diariodigitalmx.com\/index.php\/wp-json\/wp\/v2\/posts"}],"about":[{"href":"https:\/\/diariodigitalmx.com\/index.php\/wp-json\/wp\/v2\/types\/post"}],"author":[{"embeddable":true,"href":"https:\/\/diariodigitalmx.com\/index.php\/wp-json\/wp\/v2\/users\/1"}],"replies":[{"embeddable":true,"href":"https:\/\/diariodigitalmx.com\/index.php\/wp-json\/wp\/v2\/comments?post=120013"}],"version-history":[{"count":2,"href":"https:\/\/diariodigitalmx.com\/index.php\/wp-json\/wp\/v2\/posts\/120013\/revisions"}],"predecessor-version":[{"id":120015,"href":"https:\/\/diariodigitalmx.com\/index.php\/wp-json\/wp\/v2\/posts\/120013\/revisions\/120015"}],"wp:featuredmedia":[{"embeddable":true,"href":"https:\/\/diariodigitalmx.com\/index.php\/wp-json\/wp\/v2\/media\/119833"}],"wp:attachment":[{"href":"https:\/\/diariodigitalmx.com\/index.php\/wp-json\/wp\/v2\/media?parent=120013"}],"wp:term":[{"taxonomy":"category","embeddable":true,"href":"https:\/\/diariodigitalmx.com\/index.php\/wp-json\/wp\/v2\/categories?post=120013"},{"taxonomy":"post_tag","embeddable":true,"href":"https:\/\/diariodigitalmx.com\/index.php\/wp-json\/wp\/v2\/tags?post=120013"}],"curies":[{"name":"wp","href":"https:\/\/api.w.org\/{rel}","templated":true}]}}