{"id":120020,"date":"2024-05-30T09:44:41","date_gmt":"2024-05-30T14:44:41","guid":{"rendered":"https:\/\/diariodigitalmx.com\/?p=120020"},"modified":"2024-05-30T09:45:26","modified_gmt":"2024-05-30T14:45:26","slug":"cosas-del-tony-42","status":"publish","type":"post","link":"https:\/\/diariodigitalmx.com\/index.php\/2024\/05\/30\/cosas-del-tony-42\/","title":{"rendered":"Cosas del Tony"},"content":{"rendered":"\n<p>Por: Antonio S\u00e1nchez R.<\/p>\n\n\n\n<p>Se ha dicho con mucho af\u00e1n que estas elecciones que tendremos el pr\u00f3ximo domingo 2 de junio, ser\u00e1n \u201clas m\u00e1s grande en la historia de M\u00e9xico\u201d, debido a que el padr\u00f3n electoral presenta un crecimiento importante debido a que, al parecer, muchos j\u00f3venes han decidido acudir a registrarse para ejercer su derecho a votar.<\/p>\n\n\n\n<p>Pero, as\u00ed como el creciente n\u00famero de muchachos tendr\u00e1 ya su credencial de elector, lo mismo pasa con la inmensa ola de migrantes que decidieron quedarse en nuestro pa\u00eds y que de alguna manera tambi\u00e9n consiguieron ese importante documento oficial.<\/p>\n\n\n\n<p>Esta que podr\u00edamos mencionar como \u201dLa Gran Elecci\u00f3n\u201d, presenta ciertas aristas que podr\u00edan causarle al proceso electoral cierto grado de \u201cdesaseo\u201d, dada la presencia de esos ciudadanos que, sin ser oficialmente mexicanos, podr\u00e1n participar en la elecci\u00f3n de un pa\u00eds que no es el suyo.<\/p>\n\n\n\n<p>Pero\u2026, en fin, sabiendo qui\u00e9nes fueron los \u201cgestores\u201d para la acreditaci\u00f3n de esos extranjeros como votantes, sabr\u00e1n cu\u00e1les son las intenciones. Todo es tan obvio, que el chiste se cuenta solo. Mantener el poder a costa de lo que sea, da para eso y mucho m\u00e1s.<\/p>\n\n\n\n<p>La \u201cGran Farsa\u2026\u201d, perd\u00f3n, \u201cLa Gran Elecci\u00f3n\u201d, tiene direcci\u00f3n, l\u00ednea y sentido. Esa arenga de votar todo por un solo partido es una invitaci\u00f3n a volver a los tiempos del famoso y ya rebasado \u201ccarro completo\u201d, pero que quienes hoy detentan el poder sue\u00f1an con reinstalar para \u201creinar\u201d a sus anchas y hacer lo que se les antoje, sin que haya oposici\u00f3n que se los impida.<\/p>\n\n\n\n<p>Es incre\u00edble que la gente no advierta que quienes piden regresar al pasado, son los mismos que estuvieron por d\u00e9cadas \u201cluchando\u201d por una mayor apertura, por m\u00e1s espacios para la oposici\u00f3n en el poder legislativo, a fin de establecer contrapesos para evitar los excesos presidenciales.<\/p>\n\n\n\n<p>Estos que hoy quieren \u201ccarro completo\u201d, son los mismos que pugnaron porque se crearan las representaciones proporcionales, los plurinominales y los famosos diputados y senadores \u201cde partido\u201d, esos que sin hacer campa\u00f1a tienen un esca\u00f1o asegurado en la legislatura federal y tambi\u00e9n en los congresos estatales.<\/p>\n\n\n\n<p>Pareciera que esa \u201clucha por la dignidad de las minor\u00edas\u201d se trat\u00f3 de un burdo montaje de una obra de la cual el p\u00fablico, esto es, los ciudadanos, los electores, nunca tuvieron en sus manos el argumento y la trama principal, que al final de cuentas queda como la trampa principal de una \u201ctransformaci\u00f3n\u201d para no transformar.<\/p>\n\n\n\n<p>Darle todo el poder a un solo partido no es s\u00f3lo volver al pasado, sino tambi\u00e9n poner en riesgo el futuro de un pa\u00eds que ya presenta serias fisuras en su pol\u00edtica econ\u00f3mica, debido a su nulo crecimiento y a una baja sensible en el poder adquisitivo de los ciudadanos.<\/p>\n\n\n\n<p>La corrupci\u00f3n, uno de los lastres m\u00e1s preocupantes que tenemos como naci\u00f3n, no ha disminuido, al contrario, crece a pasos agigantados, mientras quien ejerce el poder se la ha llevado siempre culpando a sus antecesores, a los \u201cconservadores\u201d, a los \u201cneoliberales\u201d, a los \u201cfif\u00eds\u201d, a los \u201caspiracionistas\u201d, sin aceptar que su gesti\u00f3n se ha convertido en la peor que se ha tenido en la historia de nuestro pa\u00eds.<\/p>\n\n\n\n<p>Lo m\u00e1s preocupante de todo esto es ver que gente que ve\u00edas como gente pensante, inteligente, amigos que ten\u00edas como usuarios de la raz\u00f3n, est\u00e1n idiotizados, viendo una realidad que no existe y que s\u00f3lo en sus inducidos cerebros tiene lugar ese \u201cpara\u00edso\u201d que, aseguran, tenemos.<\/p>\n\n\n\n<p>El pr\u00f3ximo domingo ser\u00e1 una fecha crucial para los mexicanos, para los verdaderos mexicanos, pues estar\u00e1 en juego no s\u00f3lo su dignidad, sino algo mucho m\u00e1s importante: el futuro de una gran naci\u00f3n, de un gran pa\u00eds que de seguir por el mismo camino, entrar\u00e1 de lleno en una ca\u00edda libre hacia la miseria, hacia una dictadura de la cual dif\u00edcilmente podr\u00e1 salir.<\/p>\n\n\n\n<p>As\u00ed es que, cuidado, razona tu voto, vota por quien t\u00fa quieras, pero no te subas al \u201ccarro completo\u201d, porque te puede llevar por un camino equivocado, ese camino que lleva al mismo punto al que han llegado otros pa\u00edses latinoamericanos, otrora naciones fuertes y exitosas y que hoy se encuentran hundidas en la peor de las miserias.<\/p>\n","protected":false},"excerpt":{"rendered":"<p>Por: Antonio S\u00e1nchez R. Se ha dicho con mucho af\u00e1n que estas elecciones que tendremos el pr\u00f3ximo domingo 2 de junio, ser\u00e1n \u201clas m\u00e1s grande en la historia de M\u00e9xico\u201d, debido a que el padr\u00f3n electoral presenta un crecimiento importante debido a que, al parecer, muchos j\u00f3venes han decidido acudir a registrarse para ejercer su [&hellip;]<\/p>\n","protected":false},"author":1,"featured_media":120022,"comment_status":"open","ping_status":"open","sticky":true,"template":"","format":"standard","meta":{"footnotes":""},"categories":[12,5],"tags":[],"_links":{"self":[{"href":"https:\/\/diariodigitalmx.com\/index.php\/wp-json\/wp\/v2\/posts\/120020"}],"collection":[{"href":"https:\/\/diariodigitalmx.com\/index.php\/wp-json\/wp\/v2\/posts"}],"about":[{"href":"https:\/\/diariodigitalmx.com\/index.php\/wp-json\/wp\/v2\/types\/post"}],"author":[{"embeddable":true,"href":"https:\/\/diariodigitalmx.com\/index.php\/wp-json\/wp\/v2\/users\/1"}],"replies":[{"embeddable":true,"href":"https:\/\/diariodigitalmx.com\/index.php\/wp-json\/wp\/v2\/comments?post=120020"}],"version-history":[{"count":1,"href":"https:\/\/diariodigitalmx.com\/index.php\/wp-json\/wp\/v2\/posts\/120020\/revisions"}],"predecessor-version":[{"id":120021,"href":"https:\/\/diariodigitalmx.com\/index.php\/wp-json\/wp\/v2\/posts\/120020\/revisions\/120021"}],"wp:featuredmedia":[{"embeddable":true,"href":"https:\/\/diariodigitalmx.com\/index.php\/wp-json\/wp\/v2\/media\/120022"}],"wp:attachment":[{"href":"https:\/\/diariodigitalmx.com\/index.php\/wp-json\/wp\/v2\/media?parent=120020"}],"wp:term":[{"taxonomy":"category","embeddable":true,"href":"https:\/\/diariodigitalmx.com\/index.php\/wp-json\/wp\/v2\/categories?post=120020"},{"taxonomy":"post_tag","embeddable":true,"href":"https:\/\/diariodigitalmx.com\/index.php\/wp-json\/wp\/v2\/tags?post=120020"}],"curies":[{"name":"wp","href":"https:\/\/api.w.org\/{rel}","templated":true}]}}