{"id":120040,"date":"2024-05-31T07:14:01","date_gmt":"2024-05-31T12:14:01","guid":{"rendered":"https:\/\/diariodigitalmx.com\/?p=120040"},"modified":"2024-05-31T07:15:04","modified_gmt":"2024-05-31T12:15:04","slug":"para-que-votar","status":"publish","type":"post","link":"https:\/\/diariodigitalmx.com\/index.php\/2024\/05\/31\/para-que-votar\/","title":{"rendered":"\u00bfPara qu\u00e9 votar?"},"content":{"rendered":"\n<p>\u00d3scar Tamez Rodr\u00edguez<br>El pr\u00f3ximo domingo 2 de junio los mexicanos mayores de 18 a\u00f1os con credencial para votar tenemos una cita con la urna; habremos de votar para elegir representantes y administradores de nuestro gobierno.<br>Seg\u00fan la entidad ser\u00e1 el n\u00famero de boletas que se entreguen a cada elector, en el caso de Nuevo Le\u00f3n votaremos todo excepto gobernador.<br>Tenemos suficiente tiempo para reflexionar lo que haremos el domingo entre 8:00 y 18:00 horas al estar en la soledad de la mampara y marcar las boletas.<br>Sufragar es un derecho y una obligaci\u00f3n. Es un derecho el cual, si no lo ejercemos corremos el riesgo de que algunos personajes con exceso de autoritarismo y complejos de mesianismo, intenten erradicarlo. Es una obligaci\u00f3n porque debemos comprometernos con la cosa p\u00fablica.<br>Hay comunidades donde el compromiso supera las urnas, conoc\u00ed el caso de San Lorenzo en Oaxaca, localidad donde los hombres mayores de 18 a\u00f1os se turnan por per\u00edodos de una semana para en grupos, hacer rondines de vigilancia en los barrios. Igual conozco vecinos de Santiago en Nuevo Le\u00f3n, quienes se unieron y compraron material para su calle y as\u00ed, para evitar atascarse en tiempos de lluvia entre el lodazal, estos son compromisos con la cosa p\u00fablica.<br>Votar nos permite opinar en colectivo sobre quienes queremos que nos representen en el poder legislativo y tambi\u00e9n elegir a la persona que habr\u00e1 de administrar los servicios p\u00fablicos de la comunidad, sea a nivel municipal, estatal o federal.<br>Podemos o no ganar al momento de elegir, se trata de un ejercicio de deliberaci\u00f3n en el cual las mayor\u00edas se imponen por sobre las minor\u00edas, pero \u00e9stas no deben ser excluidas sino representadas dentro del poder legislativo.<br>La democracia es un ejercicio en el cual todos quienes tienen derecho, participan de las decisiones colectivas. En la democracia el poder m\u00e1ximo recae en el pueblo, el problema es que el pueblo como \u00f3rgano superior de decisi\u00f3n es un ente existente e inexistente a la vez.<br>El pueblo existe, lo podemos contar, es la suma de todos los individuos de una comunidad, sin embargo, es un ente inexistente al momento de deliberar sobre lo mejor para la colectividad y los individuos porque es imposible reunir a miles o millones de individuos para que discutan y construyan consensos.<br>El pueblo es una figura ret\u00f3rica en la democracia y frente a la imposibilidad de que asuma como soberano, encabezando el m\u00e1ximo poder, aun siendo el poder m\u00e1ximo seg\u00fan la Constituci\u00f3n, debe designar representantes quienes habr\u00e1n de discutir y votar las leyes y otras disposiciones que impactan en la comunidad.<br>\u00bfPara qu\u00e9 votar? Para cumplir con nuestra obligaci\u00f3n con la comunidad. Porque hemos de elegir a quienes queremos (ganemos o no en la elecci\u00f3n) gobernando en el poder ejecutivo y a quienes han de hablar por nosotros en el poder legislativo.<br>En una democracia sana, fuerte, vigorosa, el poder est\u00e1 equilibrado entre las diversas fuerzas que se ofertan en el cuadrante pol\u00edtico.<br>La mejor democracia es la inclusiva, esa en donde el poder ejecutivo puede desarrollar sus programas y pol\u00edticas p\u00fablicas con apoyo, vigilancia y auditor\u00eda del representante del pueblo.<br>Necesitamos gobernantes en el poder ejecutivo que armonicen con otros \u00f3rdenes del mismo poder, es decir, alcaldes que trabajen de la mano con su gobernador y presidente. Tambi\u00e9n legisladores que sean un contrapeso, pero con deseos de construir consensos.<br>El pron\u00f3stico indica que ser\u00e1 un domingo de hasta 36 grados. Son tiempos de relevos, de cambios generacionales; salgamos y votemos por los representantes y gobernantes que queremos y merecemos.<\/p>\n","protected":false},"excerpt":{"rendered":"<p>\u00d3scar Tamez Rodr\u00edguezEl pr\u00f3ximo domingo 2 de junio los mexicanos mayores de 18 a\u00f1os con credencial para votar tenemos una cita con la urna; habremos de votar para elegir representantes y administradores de nuestro gobierno.Seg\u00fan la entidad ser\u00e1 el n\u00famero de boletas que se entreguen a cada elector, en el caso de Nuevo Le\u00f3n votaremos [&hellip;]<\/p>\n","protected":false},"author":1,"featured_media":120042,"comment_status":"open","ping_status":"open","sticky":true,"template":"","format":"standard","meta":{"footnotes":""},"categories":[12,5],"tags":[],"_links":{"self":[{"href":"https:\/\/diariodigitalmx.com\/index.php\/wp-json\/wp\/v2\/posts\/120040"}],"collection":[{"href":"https:\/\/diariodigitalmx.com\/index.php\/wp-json\/wp\/v2\/posts"}],"about":[{"href":"https:\/\/diariodigitalmx.com\/index.php\/wp-json\/wp\/v2\/types\/post"}],"author":[{"embeddable":true,"href":"https:\/\/diariodigitalmx.com\/index.php\/wp-json\/wp\/v2\/users\/1"}],"replies":[{"embeddable":true,"href":"https:\/\/diariodigitalmx.com\/index.php\/wp-json\/wp\/v2\/comments?post=120040"}],"version-history":[{"count":1,"href":"https:\/\/diariodigitalmx.com\/index.php\/wp-json\/wp\/v2\/posts\/120040\/revisions"}],"predecessor-version":[{"id":120041,"href":"https:\/\/diariodigitalmx.com\/index.php\/wp-json\/wp\/v2\/posts\/120040\/revisions\/120041"}],"wp:featuredmedia":[{"embeddable":true,"href":"https:\/\/diariodigitalmx.com\/index.php\/wp-json\/wp\/v2\/media\/120042"}],"wp:attachment":[{"href":"https:\/\/diariodigitalmx.com\/index.php\/wp-json\/wp\/v2\/media?parent=120040"}],"wp:term":[{"taxonomy":"category","embeddable":true,"href":"https:\/\/diariodigitalmx.com\/index.php\/wp-json\/wp\/v2\/categories?post=120040"},{"taxonomy":"post_tag","embeddable":true,"href":"https:\/\/diariodigitalmx.com\/index.php\/wp-json\/wp\/v2\/tags?post=120040"}],"curies":[{"name":"wp","href":"https:\/\/api.w.org\/{rel}","templated":true}]}}