{"id":120102,"date":"2024-06-01T21:15:08","date_gmt":"2024-06-02T02:15:08","guid":{"rendered":"https:\/\/diariodigitalmx.com\/?p=120102"},"modified":"2024-06-01T21:16:04","modified_gmt":"2024-06-02T02:16:04","slug":"voto","status":"publish","type":"post","link":"https:\/\/diariodigitalmx.com\/index.php\/2024\/06\/01\/voto\/","title":{"rendered":"Voto"},"content":{"rendered":"\n<p>Por: Gerardo De la Garza<\/p>\n\n\n\n<p>Tengo 53 a\u00f1os, nac\u00ed en 1971, cuando M\u00e9xico so\u00f1aba con ser una potencia mundial gracias a la bonanza petrolera de PEMEX bajo la direcci\u00f3n de Jorge D\u00edaz Serrano pero tambi\u00e9n fue el a\u00f1o de la matanza del Jueves de Corpus conocida coloquialmente como \u201cEl Halconazo\u201d, acaecida a la altura del Metro Normal en la CDMX, a tres a\u00f1os de la infame y hasta la fecha celebrada matanza del 2 de octubre de 1968 en Tlatelolco.<\/p>\n\n\n\n<p>Mi vida empez\u00f3 con estos claroscuros: Por un lado, la riqueza y la pujanza econ\u00f3mica que asegurar\u00eda un buen nivel de vida para la mayor\u00eda de los mexicanos y por otro lado, la ira y la verg\u00fcenza de que en pleno siglo XX se masacrara a estudiantes \u2013algunos de ellos todav\u00eda ni llegaban a ser adultos-, con el pretexto de hacer exigencias muy v\u00e1lidas sobre el sistema educativo nacional, el cual estaba lleno de corrupci\u00f3n, legado del \u201cchambismo voraz\u201d de la gesti\u00f3n de Miguel Alem\u00e1n Vald\u00e9s, primer presidente civil de M\u00e9xico, acaecida casi 20 a\u00f1os atr\u00e1s. Se podr\u00eda decir que yo fui testigo \u2013no muy bueno, reconozco-, de la crisis econ\u00f3mica y social que hasta la fecha es vigente en nuestro pa\u00eds.<\/p>\n\n\n\n<p>Y no paro ah\u00ed, me toc\u00f3 presenciar la elecci\u00f3n de 1988 en donde se hizo uno de los fraudes electorales m\u00e1s garrafales -que coloc\u00f3 a Salinas de Gortari en el poder-, el cual. al final se dijo que fue un error en el sistema de c\u00f3mputo de votos, el cual se inauguraba como la octava maravilla del mundo y tecnolog\u00eda de punta\u2026 pues ni lo uno ni lo otro.<\/p>\n\n\n\n<p>\u00bfA qu\u00e9 viene a todo esto?, ma\u00f1ana es 2 de junio, ma\u00f1ana se elige a un presidente de la naci\u00f3n, perd\u00f3n, presidenta de la naci\u00f3n porque dudo much\u00edsimo que Maynez gane despu\u00e9s del desplome del templete en la campa\u00f1a de Lorenia Canavati en San Pedro por Movimiento Ciudadano en donde murieron 9 personas, entre ellas un menor de edad.<\/p>\n\n\n\n<p>Lo s\u00e9, no fue su culpa, pero eso no le importa a la gente, \u00e9sta quiere un objetivo a quien odiar y un villano a qui\u00e9n escupirle y tirarle piedras -metaf\u00f3ricamente hablando, claro est\u00e1-, aplicando toda su frustraci\u00f3n contenida de meses o hasta a\u00f1os por lo mal que le va a la mayor\u00eda de la sociedad y que solo unos cuantos (los ricos, claro est\u00e1) no tienen problema y es m\u00e1s hasta aumentan sus riquezas. Es un sentimiento muy normal y cualquier soci\u00f3logo o con un poco de conocimiento sobre psicolog\u00eda de masas lo podr\u00e1 confirmar.&nbsp;<\/p>\n\n\n\n<p>Bien. Reitero, tendremos a una presidenta, lo cual ya de por s\u00ed es un logro hist\u00f3rico para las mujeres del pa\u00eds (y del mundo) pero este logro est\u00e1 siendo manchado por toda la guerra sucia que se da en las campa\u00f1as. Desgraciadamente, ya es una \u201cbonita tradici\u00f3n\u201d el que los candidatos peleen con pruebas o sin ellas entre ellos, inmersos en un c\u00edrculo vicioso e infinito de dimes y diretes de los cuales salen frases y expresiones tan barrocas que con el tiempo ya se introducen en el imaginario pol\u00edtico-cultural nacional, desde las telenoveleras \u201cmafia del poder\u201d y \u201ccandidata de las mentiras\u201d, el arrogante \u201cyo tengo otros datos\u201d hasta el de plano infantiloide \u201cfuchi caca\u201d. Los debates no son tales, sino que es una retah\u00edla de ataques entre todos como si estuvieran en un sal\u00f3n de primaria (me consta) del cual los \u00fanicos que llaman a la cordura son los moderadores.<\/p>\n\n\n\n<p>La gente, el pueblo como le dicen ya estaba harta de la dictadura de 71 a\u00f1os del PRI, la llamada \u201cdictadura perfecta\u201d por Mario Vargas Llosa, luego lleg\u00f3 el panismo con Fox y Calder\u00f3n que no solucion\u00f3 muchas cosas y ahora el populismo de AMLO abri\u00f3 unas cloacas de corrupci\u00f3n en la cual muchas personas de mi generaci\u00f3n (Generaci\u00f3n X) ya van a votar no por el mejor candidato sino por el \u201cmenos peor\u201d y eso es algo lamentable en la vida pol\u00edtica de un pa\u00eds, cualquiera que este sea.<\/p>\n\n\n\n<p>\u00bfQu\u00e9 podemos esperar de estas elecciones? Yo espero que la violencia se mantenga al m\u00ednimo (\u00bfHay alg\u00fan santo patrono de los pol\u00edticos?) y que el robo de urnas no sea tan c\u00ednico porque de las dos cosas va a haber desgraciadamente y que sean hechos aislados pero que no sean politizados. A M\u00e9xico (me incluyo) le falta mucho para tener conocimientos y conciencia c\u00edvica\/pol\u00edtica para poder discernir todos los tejemanejes&nbsp; y verdaderos laberintos barrocos de informaci\u00f3n que nos retacan los partidos pol\u00edticos y el INE.<\/p>\n\n\n\n<p>Que cuando muestren resultados, se dejen de culpar los unos a los otros y que acepten los resultados como son y ya comencemos esta nueva etapa en la historia mexicana. Espero que estas elecciones sea un llamado a las nuevas generaciones a votar y que el porcentaje del abstencionismo no sea tan grande, a estas alturas de nuestra historia, tan ca\u00f3tica y revuelta, ya no nos podemos permitir. Voten seg\u00fan su criterio pero VOTEN y una vez hecho esto, a ponernos a trabajar como solo uno.<\/p>\n\n\n\n<p>Los dejo.<\/p>\n","protected":false},"excerpt":{"rendered":"<p>Por: Gerardo De la Garza Tengo 53 a\u00f1os, nac\u00ed en 1971, cuando M\u00e9xico so\u00f1aba con ser una potencia mundial gracias a la bonanza petrolera de PEMEX bajo la direcci\u00f3n de Jorge D\u00edaz Serrano pero tambi\u00e9n fue el a\u00f1o de la matanza del Jueves de Corpus conocida coloquialmente como \u201cEl Halconazo\u201d, acaecida a la altura del [&hellip;]<\/p>\n","protected":false},"author":1,"featured_media":120104,"comment_status":"open","ping_status":"open","sticky":true,"template":"","format":"standard","meta":{"footnotes":""},"categories":[14,12],"tags":[],"_links":{"self":[{"href":"https:\/\/diariodigitalmx.com\/index.php\/wp-json\/wp\/v2\/posts\/120102"}],"collection":[{"href":"https:\/\/diariodigitalmx.com\/index.php\/wp-json\/wp\/v2\/posts"}],"about":[{"href":"https:\/\/diariodigitalmx.com\/index.php\/wp-json\/wp\/v2\/types\/post"}],"author":[{"embeddable":true,"href":"https:\/\/diariodigitalmx.com\/index.php\/wp-json\/wp\/v2\/users\/1"}],"replies":[{"embeddable":true,"href":"https:\/\/diariodigitalmx.com\/index.php\/wp-json\/wp\/v2\/comments?post=120102"}],"version-history":[{"count":1,"href":"https:\/\/diariodigitalmx.com\/index.php\/wp-json\/wp\/v2\/posts\/120102\/revisions"}],"predecessor-version":[{"id":120103,"href":"https:\/\/diariodigitalmx.com\/index.php\/wp-json\/wp\/v2\/posts\/120102\/revisions\/120103"}],"wp:featuredmedia":[{"embeddable":true,"href":"https:\/\/diariodigitalmx.com\/index.php\/wp-json\/wp\/v2\/media\/120104"}],"wp:attachment":[{"href":"https:\/\/diariodigitalmx.com\/index.php\/wp-json\/wp\/v2\/media?parent=120102"}],"wp:term":[{"taxonomy":"category","embeddable":true,"href":"https:\/\/diariodigitalmx.com\/index.php\/wp-json\/wp\/v2\/categories?post=120102"},{"taxonomy":"post_tag","embeddable":true,"href":"https:\/\/diariodigitalmx.com\/index.php\/wp-json\/wp\/v2\/tags?post=120102"}],"curies":[{"name":"wp","href":"https:\/\/api.w.org\/{rel}","templated":true}]}}