{"id":120105,"date":"2024-06-02T10:24:05","date_gmt":"2024-06-02T15:24:05","guid":{"rendered":"https:\/\/diariodigitalmx.com\/?p=120105"},"modified":"2024-06-02T10:25:46","modified_gmt":"2024-06-02T15:25:46","slug":"pendulo-politico-4","status":"publish","type":"post","link":"https:\/\/diariodigitalmx.com\/index.php\/2024\/06\/02\/pendulo-politico-4\/","title":{"rendered":"P\u00e9ndulo pol\u00edtico"},"content":{"rendered":"\n<p>Dr. Emiliano Carrillo Carrasco <br><br>\u00a1El Resultado ser\u00e1 por la Resiliencia Social este 2 de Junio Democr\u00e1tico o Autoritario : Gana la Apat\u00eda ,el Miedo ,la Violencia ,la Polarizaci\u00f3n \u00a1<br>La libertad sin l\u00edmite. Los medios llegan a ser el \u00fanico patr\u00f3n de legitimidad, la l\u00f3gica de la comunicaci\u00f3n llega a ser el criterio \u00faltimo, en virtud del siguiente silogismo: lo que se conoce se mediatiza y por lo tanto, lo que es leg\u00edtimo se mediatiza. Lo que no es mediatizado, no solo no se conoce, sino que en definitiva, no es leg\u00edtimo. El impacto de este desequilibrio en la comunicaci\u00f3n pol\u00edtica es, precisamente, desnaturalizar su funci\u00f3n de regulaci\u00f3n que consiste en excluir e incluir del escenario pol\u00edtica ciertos temas y discursos. Se da entonces, una notable sobrevaloraci\u00f3n del discurso period\u00edstico que privilegia cierto modo de expresi\u00f3n, cierta simplificaci\u00f3n, que si bien es leg\u00edtima en el orden de los medios no lo es fuera de ellos. La vida es de libertades y ejercer tu libre albedr\u00edo. Yo apuesto a nuestra Democracia imperfecta, no a gobiernos autoritarios. La respuesta de votar o no votar por un segmento social y ejercer esa libertad de decidir su ejercicio democr\u00e1tico con el voto, es el instrumento \u00fanico que tenemos los mexicanos que permite decidir nuestro presente y el futuro de 3 o 6 a\u00f1os, la cita es este 2 de junio con m\u00e1s de 98 millones de electores, los cuales el mas del 40 % son edades de 18 a 32 a\u00f1os. Hoy en esta elecci\u00f3n votaran por primera vez m\u00e1s de 15 millones de j\u00f3venes y por segunda vez aquellos de 24 a\u00f1os.<br>La realidad de esta etapa final de este proceso electoral en su elecci\u00f3n de determinar a trav\u00e9s de la participaci\u00f3n ciudadana. La democracia es la convivencia de los ciudadanos con libertades y la forma de gobierno. El marco de nuestra constituci\u00f3n mexicana lo establece en relaci\u00f3n de derechos y obligaciones. El libre albedr\u00edo de decidir a trav\u00e9s de cada 6 o 3 nuestros gobernantes, esa relaci\u00f3n de gobernador s y gobernantes en la relaci\u00f3n del bien com\u00fan. Las burbujas de Aire de poder y su polarizaci\u00f3n social y pol\u00edtica .todo depende del estado de \u00e1nimo de m\u00e1s 98 millones de electores este 2 de junio 2024. Si no act\u00faas en tu presente, no abra futuro de esperanza social. La formalizaci\u00f3n de la Democracia Institucionalizada, se pierde la soberan\u00eda del Estado por intereses de poder econ\u00f3mico y pol\u00edtico. La justicia postergada para m\u00e1s de 17 millones de habitantes de acuerdo a sus tipolog\u00edas regionales. La p\u00e9rfida de grupos enquistados en el poder p\u00fablico. La Reelecci\u00f3n, simulaci\u00f3n e imposici\u00f3n a violaciones de los derechos pol\u00edticos electorales de los ciudadanos. Nuestras instituciones electorales en su esquema de burocracia insensible y sin voluntad; en juego la presidencia de la rep\u00fablica.<br>\u00a1Qui\u00e9n ganar\u00e1 el que debe ganar as\u00ed es nuestra Democracia imperfecta \u00a1Quien va ganar el que cometa menos errores los candidatos de los partidos 2024. La realidad de los mexicanos es ser gobernados por los kakistocracia de la pol\u00edtica de c\u00edrculo de poder y sectas de grupos y la formalizaci\u00f3n de la democracia corrupta e institucionalizada, cada vez se pierde la soberan\u00eda del Estado por intereses de poder econ\u00f3mico y pol\u00edtico. \u00a1El poder siempre corrompe lo mejor y atrae lo peor a situaciones econ\u00f3micas pol\u00edticas \u00a1 La vida es de libertades y ejercer tu libre albedr\u00edo. Yo apuesto a nuestra Democracia imperfecta, no a gobiernos autoritarios .vota 2024 con solidaridad a una nueva esperanza social. X\u00f3chitl G\u00e1lvez. Los medios utilizados como m\u00e9todo de inducci\u00f3n o desmotivaci\u00f3n, las encuestas como medio de inhibir, apat\u00eda, abstenci\u00f3n La vida es vivir tu presente actuando, si No, es as\u00ed, no abra futuro 2024.<br>La comunicaci\u00f3n bajo ciertos par\u00e1metros estrat\u00e9gicos, muchas veces dispuestos a satisfacer los est\u00e1ndares de los propios medios de comunicaci\u00f3n, aun con consecuencias desafortunadas para la pol\u00edtica. Es obvio que muchas veces, los periodistas, s\u00f3lo buscan el consenso en la propia organizaci\u00f3n en la que se desempe\u00f1an, como intentando obtener una especie de seguridad laboral, frente a la dificultad o vulnerabilidad de los pol\u00edticos, que deben buscar el consenso afuera, en la ciudadan\u00eda, y tambi\u00e9n adentro de las organizaciones que componen el sistema de medios (Blumler y Gurevitch, 1995). No es casual que, en las agencias de comunicaci\u00f3n, se vean forzados a dramatizar historias, hechos o anuncios, o bien, a enfatizar facetas o aspectos que de otro modo no hubiera sido necesario. La idea de mantener la atracci\u00f3n para los medios, o para las audiencias ciudadanas, es lo que explica la b\u00fasqueda de comunicaciones persuasivas.<br>Los cuatro componentes fundamentales: los flujos de la informaci\u00f3n y la conciencia, la voluntad o se\u00f1ales de control interno que establecen pantallas, el filtrado-selecci\u00f3n y las \u00e1reas de decisi\u00f3n. Los filtros hacen pasar toda la informaci\u00f3n por un sometimiento a la voluntad pol\u00edtica y permiten confrontar las informaciones recibidas con la memoria y la conciencia. Su funci\u00f3n principal es separar lo que es realizable de lo que no lo es y, as\u00ed, la informaci\u00f3n llega hasta el momento de la toma de decisi\u00f3n. El papel de la comunicaci\u00f3n pol\u00edtica va a variar seg\u00fan el contexto hist\u00f3rico. La legitimidad para la clase pol\u00edtica dentro de los sistemas democr\u00e1ticos.<br>El discurso est\u00e1 basado, en tiempos de campa\u00f1as electorales, en las estrategias de acci\u00f3n y las estrategias comunicacionales, es importante destacar que los l\u00edderes pol\u00edticos, actualmente, ya no dan prioridad al input directo de los militantes; hoy quienes gu\u00edan la acci\u00f3n de las personalidades de la pol\u00edtica son los especialistas en consulta pol\u00edtica, las empresas de sondeos y los expertos en relaciones p\u00fablicas. Antes los contactos locales de los pol\u00edticos funcionaban como censor y guiaban su accionar; hoy en la pol\u00edtica, esas fuentes han perdido su rol protag\u00f3nico. La prensa se encarga especialmente de proporcionarle un output a la opini\u00f3n p\u00fablica a trav\u00e9s de sus contenidos y del modo en que cubre los acontecimientos en el proceso electoral.<br>Los niveles en los que act\u00faa la comunicaci\u00f3n pol\u00edtica, la mediatizaci\u00f3n sin l\u00edmite, la simplificaci\u00f3n de la argumentaci\u00f3n pol\u00edtica, la unidimensionalizaci\u00f3n de los discursos, el desequilibrio entre los discursos y la comunicaci\u00f3n pol\u00edtica separada de los \u00e1mbitos nacionales. Se basa en la existencia de tres niveles en los que act\u00faa la comunicaci\u00f3n pol\u00edtica y estos son: La politizaci\u00f3n o simplemente el hecho de hacer p\u00fablica la esfera privada reduce esta separaci\u00f3n de los tres niveles. La politizaci\u00f3n altera el car\u00e1cter espec\u00edfico de la comunicaci\u00f3n pol\u00edtica como nexo temporario de los discursos de los actores. Todos los problemas incluso los m\u00e1s privados est\u00e1n en el dominio p\u00fablico y son objeto de enfrentamiento pol\u00edtico durante las campa\u00f1as electorales. Si la comunicaci\u00f3n pol\u00edtica desempe\u00f1a un importante papel particular, es se\u00f1al de que los espacios permanecen separados y son aut\u00f3nomos. Por el contrario, si la comunicaci\u00f3n pol\u00edtica lo absorbe todo, es se\u00f1al de que la autonom\u00eda indispensable para el funcionamiento de las sociedades democr\u00e1ticas ha desaparecido o comienza a desparecer.<\/p>\n","protected":false},"excerpt":{"rendered":"<p>Dr. Emiliano Carrillo Carrasco \u00a1El Resultado ser\u00e1 por la Resiliencia Social este 2 de Junio Democr\u00e1tico o Autoritario : Gana la Apat\u00eda ,el Miedo ,la Violencia ,la Polarizaci\u00f3n \u00a1La libertad sin l\u00edmite. Los medios llegan a ser el \u00fanico patr\u00f3n de legitimidad, la l\u00f3gica de la comunicaci\u00f3n llega a ser el criterio \u00faltimo, en virtud [&hellip;]<\/p>\n","protected":false},"author":1,"featured_media":120108,"comment_status":"open","ping_status":"open","sticky":true,"template":"","format":"standard","meta":{"footnotes":""},"categories":[2,5],"tags":[],"_links":{"self":[{"href":"https:\/\/diariodigitalmx.com\/index.php\/wp-json\/wp\/v2\/posts\/120105"}],"collection":[{"href":"https:\/\/diariodigitalmx.com\/index.php\/wp-json\/wp\/v2\/posts"}],"about":[{"href":"https:\/\/diariodigitalmx.com\/index.php\/wp-json\/wp\/v2\/types\/post"}],"author":[{"embeddable":true,"href":"https:\/\/diariodigitalmx.com\/index.php\/wp-json\/wp\/v2\/users\/1"}],"replies":[{"embeddable":true,"href":"https:\/\/diariodigitalmx.com\/index.php\/wp-json\/wp\/v2\/comments?post=120105"}],"version-history":[{"count":1,"href":"https:\/\/diariodigitalmx.com\/index.php\/wp-json\/wp\/v2\/posts\/120105\/revisions"}],"predecessor-version":[{"id":120106,"href":"https:\/\/diariodigitalmx.com\/index.php\/wp-json\/wp\/v2\/posts\/120105\/revisions\/120106"}],"wp:featuredmedia":[{"embeddable":true,"href":"https:\/\/diariodigitalmx.com\/index.php\/wp-json\/wp\/v2\/media\/120108"}],"wp:attachment":[{"href":"https:\/\/diariodigitalmx.com\/index.php\/wp-json\/wp\/v2\/media?parent=120105"}],"wp:term":[{"taxonomy":"category","embeddable":true,"href":"https:\/\/diariodigitalmx.com\/index.php\/wp-json\/wp\/v2\/categories?post=120105"},{"taxonomy":"post_tag","embeddable":true,"href":"https:\/\/diariodigitalmx.com\/index.php\/wp-json\/wp\/v2\/tags?post=120105"}],"curies":[{"name":"wp","href":"https:\/\/api.w.org\/{rel}","templated":true}]}}