{"id":120127,"date":"2024-06-02T20:48:26","date_gmt":"2024-06-03T01:48:26","guid":{"rendered":"https:\/\/diariodigitalmx.com\/?p=120127"},"modified":"2024-06-02T20:49:08","modified_gmt":"2024-06-03T01:49:08","slug":"mijes-virtual-ganador-en-escobedo","status":"publish","type":"post","link":"https:\/\/diariodigitalmx.com\/index.php\/2024\/06\/02\/mijes-virtual-ganador-en-escobedo\/","title":{"rendered":"Mijes, virtual ganador en Escobedo"},"content":{"rendered":"\n<p>En su Comit\u00e9 de Campa\u00f1a, alrededor de las 18:30 horas, Andr\u00e9s Mijes inform\u00f3 que el primero resultado de encuestas de salida de algunas empresas lo posiciona como el virtual ganador de la contienda en Escobedo.<\/p>\n\n\n\n<p>Junto a Clara Luz Flores, Candidata del Distrito 3 Federal, Mijes envi\u00f3 un mensaje de agradecimiento a los ciudadanos por salir a votar y ser parte de la jornada hist\u00f3rica electoral que se vivi\u00f3 en Escobedo.<\/p>\n\n\n\n<p>En su discurso, Mijes lanz\u00f3 un llamado para los dem\u00e1s contendientes para que se sume a generar el desarrollo y crecimiento de Escobedo, as\u00ed como el generar pol\u00edticas p\u00fablicas que generen mayor bienestar para las familias.<\/p>\n\n\n\n<p>Mijes resalt\u00f3 que en Escobedo se logr\u00f3 la votaci\u00f3n 5 de 5 en apoyo integr\u00f3 a Morena, lo que apunta a resultados positivos para la elecci\u00f3n local y federal.<\/p>\n\n\n\n<p>En su mensaje, el Candidato de la coalici\u00f3n \u201cSigamos Haciendo Historia\u201d puntualiz\u00f3 que en Escobedo se trabajar\u00e1 para concretar en estos pr\u00f3ximos a\u00f1os el segundo piso de la Cuarta Transformaci\u00f3n.<\/p>\n","protected":false},"excerpt":{"rendered":"<p>En su Comit\u00e9 de Campa\u00f1a, alrededor de las 18:30 horas, Andr\u00e9s Mijes inform\u00f3 que el primero resultado de encuestas de salida de algunas empresas lo posiciona como el virtual ganador de la contienda en Escobedo. Junto a Clara Luz Flores, Candidata del Distrito 3 Federal, Mijes envi\u00f3 un mensaje de agradecimiento a los ciudadanos por [&hellip;]<\/p>\n","protected":false},"author":1,"featured_media":120129,"comment_status":"open","ping_status":"open","sticky":true,"template":"","format":"standard","meta":{"footnotes":""},"categories":[14,6],"tags":[],"_links":{"self":[{"href":"https:\/\/diariodigitalmx.com\/index.php\/wp-json\/wp\/v2\/posts\/120127"}],"collection":[{"href":"https:\/\/diariodigitalmx.com\/index.php\/wp-json\/wp\/v2\/posts"}],"about":[{"href":"https:\/\/diariodigitalmx.com\/index.php\/wp-json\/wp\/v2\/types\/post"}],"author":[{"embeddable":true,"href":"https:\/\/diariodigitalmx.com\/index.php\/wp-json\/wp\/v2\/users\/1"}],"replies":[{"embeddable":true,"href":"https:\/\/diariodigitalmx.com\/index.php\/wp-json\/wp\/v2\/comments?post=120127"}],"version-history":[{"count":1,"href":"https:\/\/diariodigitalmx.com\/index.php\/wp-json\/wp\/v2\/posts\/120127\/revisions"}],"predecessor-version":[{"id":120128,"href":"https:\/\/diariodigitalmx.com\/index.php\/wp-json\/wp\/v2\/posts\/120127\/revisions\/120128"}],"wp:featuredmedia":[{"embeddable":true,"href":"https:\/\/diariodigitalmx.com\/index.php\/wp-json\/wp\/v2\/media\/120129"}],"wp:attachment":[{"href":"https:\/\/diariodigitalmx.com\/index.php\/wp-json\/wp\/v2\/media?parent=120127"}],"wp:term":[{"taxonomy":"category","embeddable":true,"href":"https:\/\/diariodigitalmx.com\/index.php\/wp-json\/wp\/v2\/categories?post=120127"},{"taxonomy":"post_tag","embeddable":true,"href":"https:\/\/diariodigitalmx.com\/index.php\/wp-json\/wp\/v2\/tags?post=120127"}],"curies":[{"name":"wp","href":"https:\/\/api.w.org\/{rel}","templated":true}]}}