{"id":120160,"date":"2024-06-03T21:03:56","date_gmt":"2024-06-04T02:03:56","guid":{"rendered":"https:\/\/diariodigitalmx.com\/?p=120160"},"modified":"2024-06-03T21:06:13","modified_gmt":"2024-06-04T02:06:13","slug":"termina-computo-gana-monterrey-adrian-de-la-garza-y-extiende-la-mano-a-samuel-garcia-en-senal-de-union","status":"publish","type":"post","link":"https:\/\/diariodigitalmx.com\/index.php\/2024\/06\/03\/termina-computo-gana-monterrey-adrian-de-la-garza-y-extiende-la-mano-a-samuel-garcia-en-senal-de-union\/","title":{"rendered":"Termina c\u00f3mputo, gana Monterrey Adri\u00e1n de la Garza y extiende la mano a Samuel Garc\u00eda en se\u00f1al de uni\u00f3n"},"content":{"rendered":"\n<p>Monterrey.- El Instituto Estatal Electoral confirm\u00f3 el triunfo en la alcald\u00eda de Monterrey, de Adri\u00e1n de la Garza con 7.65 puntos, el 38.12 por ciento de los votos, 201 mil 172 a su favor, por lo que el priista llam\u00f3 al gobernador Samuel Garc\u00eda a que respete la voluntad ciudadana y que dejen atr\u00e1s las diferencias para trabajar en coordinaci\u00f3n.<\/p>\n\n\n\n<p>De acuerdo a los resultados finales, Mariana Rodr\u00edguez, de Movimiento octubre de 2021Ciudadano obtuvo el 30.47 por ciento de sufragios, que ascienden a 160 mil 825 votos, tras el c\u00f3mputo de casillas.<\/p>\n\n\n\n<p>La diferencia de votos a favor del candidato de Fuerza y Coraz\u00f3n por M\u00e9xico fue de 40 mil 347 sufragios.<\/p>\n\n\n\n<figure class=\"wp-block-image size-large\"><img loading=\"lazy\" decoding=\"async\" width=\"1024\" height=\"683\" src=\"https:\/\/diariodigitalmx.com\/wp-content\/uploads\/2024\/06\/IMG-20240603-WA0106-1024x683.jpg\" alt=\"\" class=\"wp-image-120164\" srcset=\"https:\/\/diariodigitalmx.com\/wp-content\/uploads\/2024\/06\/IMG-20240603-WA0106-1024x683.jpg 1024w, https:\/\/diariodigitalmx.com\/wp-content\/uploads\/2024\/06\/IMG-20240603-WA0106-300x200.jpg 300w, https:\/\/diariodigitalmx.com\/wp-content\/uploads\/2024\/06\/IMG-20240603-WA0106-768x512.jpg 768w, https:\/\/diariodigitalmx.com\/wp-content\/uploads\/2024\/06\/IMG-20240603-WA0106-1536x1024.jpg 1536w, https:\/\/diariodigitalmx.com\/wp-content\/uploads\/2024\/06\/IMG-20240603-WA0106.jpg 1600w\" sizes=\"(max-width: 1024px) 100vw, 1024px\" \/><\/figure>\n\n\n\n<p>En los pr\u00f3ximos d\u00edas, la Comisi\u00f3n Municipal Electoral entregara la constancia de mayor\u00eda a De la Garza que lo acredita como nuevo Alcalde de Monterrey por tercera ocasi\u00f3n.<\/p>\n\n\n\n<p>Como virtual alcalde electo de Monterrey, Adri\u00e1n de la Garza Santos, hizo un llamado a los tres niveles de gobierno para trabajar en conjunto por el bien de la comunidad.<\/p>\n\n\n\n<p>\u201cComo ciudadano de Monterrey queremos que a la ciudad le vaya bien y dejamos atr\u00e1s la polarizaci\u00f3n, as\u00ed como las diferencias, nuestro estado necesita gobiernos enfocados en resolver los problemas y esa es la misi\u00f3n que me he puesto.<\/p>\n\n\n\n<p>\u201cReitero que mi trabajo empieza desde ahora, har\u00e9 un proceso de transici\u00f3n serio, profesional y ordenado que me permita conocer el estado que guardan las diferentes \u00e1reas del gobierno municipal y que sirva de base para los grandes planes que inician el primer d\u00eda de mi gobierno. Es tiempo de sumar y trabajar por nuestra comunidad, por Monterrey por Nuevo Le\u00f3n, es momento de ver hacia adelante\u201d, afirm\u00f3.<\/p>\n\n\n\n<figure class=\"wp-block-image size-large\"><img loading=\"lazy\" decoding=\"async\" width=\"1024\" height=\"683\" src=\"https:\/\/diariodigitalmx.com\/wp-content\/uploads\/2024\/06\/IMG-20240603-WA0108-1024x683.jpg\" alt=\"\" class=\"wp-image-120167\" srcset=\"https:\/\/diariodigitalmx.com\/wp-content\/uploads\/2024\/06\/IMG-20240603-WA0108-1024x683.jpg 1024w, https:\/\/diariodigitalmx.com\/wp-content\/uploads\/2024\/06\/IMG-20240603-WA0108-300x200.jpg 300w, https:\/\/diariodigitalmx.com\/wp-content\/uploads\/2024\/06\/IMG-20240603-WA0108-768x512.jpg 768w, https:\/\/diariodigitalmx.com\/wp-content\/uploads\/2024\/06\/IMG-20240603-WA0108-1536x1024.jpg 1536w, https:\/\/diariodigitalmx.com\/wp-content\/uploads\/2024\/06\/IMG-20240603-WA0108.jpg 1600w\" sizes=\"(max-width: 1024px) 100vw, 1024px\" \/><\/figure>\n\n\n\n<p>Adem\u00e1s de agradecer la confianza ciudadana en su persona para volver a administrar la capital del estado, felicit\u00f3 a la que ser\u00e1 la primera presidenta mexicana, Claudia Sheinbaum y ofreci\u00f3 una colaboraci\u00f3n institucional para lograr cualquier proyecto de beneficio para el pa\u00eds y para la ciudad.<\/p>\n\n\n\n<p>Reiter\u00f3 su llamado al gobierno estatal para dejar atr\u00e1s el proceso electoral.<\/p>\n\n\n\n<p>\u201cLa elecci\u00f3n ha terminado, es momento de dejar atr\u00e1s las diferencias, el futuro debemos construirlo unidos porque nuestro verdadero poder reside en la capacidad de unir esfuerzos para resolver siempre con respeto y \u00e1nimo de colaboraci\u00f3n.<\/p>\n\n\n\n<p>\u201cDe nuevo le extiendo la mano al gobernador del Estado en se\u00f1al de uni\u00f3n, lo invito a que juntos gobernemos por el bien de Monterrey y de Nuevo Le\u00f3n, y hago un llamado a que no interfiera en la autonom\u00eda de las autoridades electorales para que \u00e9stas concluyan con orden y legalidad el proceso\u201d, pidi\u00f3.<\/p>\n\n\n\n<p>Para la actual administraci\u00f3n municipal tambi\u00e9n tuvo un mensaje, solicit\u00f3 que, si tiene a bien el gobierno vigente, iniciar de manera inmediata el proceso de transici\u00f3n, una vez que reciba su constancia de mayor\u00eda para conocer las condiciones que guarda la administraci\u00f3n e implementar los procesos correspondientes para la planeaci\u00f3n estrat\u00e9gica y que los proyectos que implementar\u00e1 se sientan desde el primer d\u00eda.<\/p>\n","protected":false},"excerpt":{"rendered":"<p>Monterrey.- El Instituto Estatal Electoral confirm\u00f3 el triunfo en la alcald\u00eda de Monterrey, de Adri\u00e1n de la Garza con 7.65 puntos, el 38.12 por ciento de los votos, 201 mil 172 a su favor, por lo que el priista llam\u00f3 al gobernador Samuel Garc\u00eda a que respete la voluntad ciudadana y que dejen atr\u00e1s las [&hellip;]<\/p>\n","protected":false},"author":1,"featured_media":120163,"comment_status":"open","ping_status":"open","sticky":true,"template":"","format":"standard","meta":{"footnotes":""},"categories":[6,3],"tags":[],"_links":{"self":[{"href":"https:\/\/diariodigitalmx.com\/index.php\/wp-json\/wp\/v2\/posts\/120160"}],"collection":[{"href":"https:\/\/diariodigitalmx.com\/index.php\/wp-json\/wp\/v2\/posts"}],"about":[{"href":"https:\/\/diariodigitalmx.com\/index.php\/wp-json\/wp\/v2\/types\/post"}],"author":[{"embeddable":true,"href":"https:\/\/diariodigitalmx.com\/index.php\/wp-json\/wp\/v2\/users\/1"}],"replies":[{"embeddable":true,"href":"https:\/\/diariodigitalmx.com\/index.php\/wp-json\/wp\/v2\/comments?post=120160"}],"version-history":[{"count":3,"href":"https:\/\/diariodigitalmx.com\/index.php\/wp-json\/wp\/v2\/posts\/120160\/revisions"}],"predecessor-version":[{"id":120168,"href":"https:\/\/diariodigitalmx.com\/index.php\/wp-json\/wp\/v2\/posts\/120160\/revisions\/120168"}],"wp:featuredmedia":[{"embeddable":true,"href":"https:\/\/diariodigitalmx.com\/index.php\/wp-json\/wp\/v2\/media\/120163"}],"wp:attachment":[{"href":"https:\/\/diariodigitalmx.com\/index.php\/wp-json\/wp\/v2\/media?parent=120160"}],"wp:term":[{"taxonomy":"category","embeddable":true,"href":"https:\/\/diariodigitalmx.com\/index.php\/wp-json\/wp\/v2\/categories?post=120160"},{"taxonomy":"post_tag","embeddable":true,"href":"https:\/\/diariodigitalmx.com\/index.php\/wp-json\/wp\/v2\/tags?post=120160"}],"curies":[{"name":"wp","href":"https:\/\/api.w.org\/{rel}","templated":true}]}}