{"id":120198,"date":"2024-06-04T07:47:03","date_gmt":"2024-06-04T12:47:03","guid":{"rendered":"https:\/\/diariodigitalmx.com\/?p=120198"},"modified":"2024-06-04T07:54:01","modified_gmt":"2024-06-04T12:54:01","slug":"el-ocaso-de-la-melancolia","status":"publish","type":"post","link":"https:\/\/diariodigitalmx.com\/index.php\/2024\/06\/04\/el-ocaso-de-la-melancolia\/","title":{"rendered":"El ocaso de la melancol\u00eda"},"content":{"rendered":"\n<p>Gerson G\u00f3mez Salas<br>Se van para siempre. Como debieron perder el registro desde la firma del pacto por M\u00e9xico. El Partido de la Revoluci\u00f3n Democr\u00e1tica ha perdido el registro federal. Con ello ya no ser\u00e1n representantes de los acomodaticios y tranceros.<br>Las tribus de la Nueva Izquierda, los Galileos y Alternativa Democr\u00e1tica Nacional desmoronaron a sus adeptos. Usados como moneda de cambio. En quienes contaban con mayores representantes al interior del partido.<br>Unidos despu\u00e9s con el PRI y el PAN jugaron de comparsas. Acomodaron a los liderazgos en posiciones privilegiadas. En el Senado y en la C\u00e1mara de Diputados Federal descompusieron la maquinaria social de la izquierda mexicana.<br>El Movimiento de Regeneraci\u00f3n Nacional naci\u00f3 de las decepciones. Andr\u00e9s Manuel prefiri\u00f3 dejarles el registro y el cascaron de la calle Benjam\u00edn Franklin en la ciudad de M\u00e9xico.<br>Mucha de la militancia defenestrada inici\u00f3 la construcci\u00f3n de MORENA. Fueron arrebatando delegaci\u00f3n por delegaci\u00f3n hasta llegar por la jefatura de gobierno, ahora gubernatura de la Cdmx.<br>Mudaran a la clandestinidad, a las oficinas personales de los Chuchos y de sus esbirros, el remanente de favorecidos. Comienza el \u00e9xodo y la di\u00e1spora.<br>Los pocos supervivientes, los privilegiados alzamanos de sus antiguos contrincantes, pararan en oposici\u00f3n decadente. Ya no habr\u00e1 buenos tiempos. Esos acabaron desde el tiempo de la perdida de registro en muchos de los estados al interior del pa\u00eds.<br>El PRD no ser\u00e1 nunca m\u00e1s el contrapeso. Con tan malas cuentas, sin cuadros nuevos como acostumbran a llamar a sus fieles seguidores, intentaran en los tribunales llegar al 3% nacional como lo hizo el PT de la familia Anaya Rodr\u00edguez.<br>Guillotinados y sin respaldo despu\u00e9s de la jornada electoral del 2 de junio, el PRD sigui\u00f3 la ruta del despe\u00f1adero. Andr\u00e9s Manuel logr\u00f3 el cometido. Enterrar en la infame historia a sus detractores, antes aliados coyunturales.<\/p>\n","protected":false},"excerpt":{"rendered":"<p>Gerson G\u00f3mez SalasSe van para siempre. Como debieron perder el registro desde la firma del pacto por M\u00e9xico. El Partido de la Revoluci\u00f3n Democr\u00e1tica ha perdido el registro federal. Con ello ya no ser\u00e1n representantes de los acomodaticios y tranceros.Las tribus de la Nueva Izquierda, los Galileos y Alternativa Democr\u00e1tica Nacional desmoronaron a sus adeptos. [&hellip;]<\/p>\n","protected":false},"author":1,"featured_media":120202,"comment_status":"open","ping_status":"open","sticky":true,"template":"","format":"standard","meta":{"footnotes":""},"categories":[12,5],"tags":[],"_links":{"self":[{"href":"https:\/\/diariodigitalmx.com\/index.php\/wp-json\/wp\/v2\/posts\/120198"}],"collection":[{"href":"https:\/\/diariodigitalmx.com\/index.php\/wp-json\/wp\/v2\/posts"}],"about":[{"href":"https:\/\/diariodigitalmx.com\/index.php\/wp-json\/wp\/v2\/types\/post"}],"author":[{"embeddable":true,"href":"https:\/\/diariodigitalmx.com\/index.php\/wp-json\/wp\/v2\/users\/1"}],"replies":[{"embeddable":true,"href":"https:\/\/diariodigitalmx.com\/index.php\/wp-json\/wp\/v2\/comments?post=120198"}],"version-history":[{"count":1,"href":"https:\/\/diariodigitalmx.com\/index.php\/wp-json\/wp\/v2\/posts\/120198\/revisions"}],"predecessor-version":[{"id":120199,"href":"https:\/\/diariodigitalmx.com\/index.php\/wp-json\/wp\/v2\/posts\/120198\/revisions\/120199"}],"wp:featuredmedia":[{"embeddable":true,"href":"https:\/\/diariodigitalmx.com\/index.php\/wp-json\/wp\/v2\/media\/120202"}],"wp:attachment":[{"href":"https:\/\/diariodigitalmx.com\/index.php\/wp-json\/wp\/v2\/media?parent=120198"}],"wp:term":[{"taxonomy":"category","embeddable":true,"href":"https:\/\/diariodigitalmx.com\/index.php\/wp-json\/wp\/v2\/categories?post=120198"},{"taxonomy":"post_tag","embeddable":true,"href":"https:\/\/diariodigitalmx.com\/index.php\/wp-json\/wp\/v2\/tags?post=120198"}],"curies":[{"name":"wp","href":"https:\/\/api.w.org\/{rel}","templated":true}]}}