{"id":120245,"date":"2024-06-04T23:21:37","date_gmt":"2024-06-05T04:21:37","guid":{"rendered":"https:\/\/diariodigitalmx.com\/?p=120245"},"modified":"2024-06-04T23:22:14","modified_gmt":"2024-06-05T04:22:14","slug":"voto-por-voto-en-el-80-por-ciento-de-las-casillas-pide-xochitl-galvez","status":"publish","type":"post","link":"https:\/\/diariodigitalmx.com\/index.php\/2024\/06\/04\/voto-por-voto-en-el-80-por-ciento-de-las-casillas-pide-xochitl-galvez\/","title":{"rendered":"Voto por voto en el 80 por ciento de las casillas, pide X\u00f3chitl G\u00e1lvez"},"content":{"rendered":"\n<p>X\u00f3chitl G\u00e1lvez afirm\u00f3 que entraba &#8220;en resistencia&#8221; para defender la democracia, luego de exigir un recuento en el 80 por ciento de las casillas instaladas en la elecci\u00f3n del domingo.<\/p>\n\n\n\n<p>&#8220;Hemos iniciado con la resistencia para proteger nuestra democracia, nuestra Constituci\u00f3n y nuestra libertad&#8221;, dijo en un video en sus redes sociales.<\/p>\n\n\n\n<p>&#8220;El momento real donde se revisan todas las actas de los centros de votaci\u00f3n del pa\u00eds. En algunas casillas apunt\u00f3 se han encontrado diferencias entre lo que dice el acta o la s\u00e1bana de resultados de cada casilla con los datos contenidos en el PREP &#8220;, dijo .<\/p>\n\n\n\n<p>Hizo una petici\u00f3n a los electores:<br>&#8220;tome una foto de los resultados que est\u00e1n colgados donde votaste, y que los compares con los datos del PREP. Si los n\u00fameros no cuadran, m\u00e1ndame un mensaje con la evidencia. Ten la certeza que ya est\u00e1 listo el equipo para el recuento en cada uno de los 300 distritos electorales y as\u00ed asegurarnos que tu voto cuente&#8221;.<\/p>\n\n\n\n<p>&#8220;Por lo pronto abund\u00f3, son 80 por ciento de las casillas donde solicitaremos revisi\u00f3n voto por voto. Hasta este momento, el INE ya acept\u00f3 el recuento en por lo menos el 60 porciento de las casillas. Vamos a defender el voto de todas y todos. De la elecci\u00f3n presidencial, Gobernadores, senadores, diputados federales, locales y presidentes municipales.&#8221;<\/p>\n\n\n\n<p>El equipo jur\u00eddico de su campa\u00f1a iniciar\u00e1 los procesos legales correspondientes &#8220;por la clar\u00edsima intervenci\u00f3n del Presidente en el proceso electoral, por el evidente uso de recursos p\u00fablicos en la campa\u00f1a de Morena y por el alto nivel de violencia y la intervenci\u00f3n del crimen organizado.&#8221;<\/p>\n","protected":false},"excerpt":{"rendered":"<p>X\u00f3chitl G\u00e1lvez afirm\u00f3 que entraba &#8220;en resistencia&#8221; para defender la democracia, luego de exigir un recuento en el 80 por ciento de las casillas instaladas en la elecci\u00f3n del domingo. &#8220;Hemos iniciado con la resistencia para proteger nuestra democracia, nuestra Constituci\u00f3n y nuestra libertad&#8221;, dijo en un video en sus redes sociales. &#8220;El momento real [&hellip;]<\/p>\n","protected":false},"author":1,"featured_media":120247,"comment_status":"open","ping_status":"open","sticky":true,"template":"","format":"standard","meta":{"footnotes":""},"categories":[2,3],"tags":[],"_links":{"self":[{"href":"https:\/\/diariodigitalmx.com\/index.php\/wp-json\/wp\/v2\/posts\/120245"}],"collection":[{"href":"https:\/\/diariodigitalmx.com\/index.php\/wp-json\/wp\/v2\/posts"}],"about":[{"href":"https:\/\/diariodigitalmx.com\/index.php\/wp-json\/wp\/v2\/types\/post"}],"author":[{"embeddable":true,"href":"https:\/\/diariodigitalmx.com\/index.php\/wp-json\/wp\/v2\/users\/1"}],"replies":[{"embeddable":true,"href":"https:\/\/diariodigitalmx.com\/index.php\/wp-json\/wp\/v2\/comments?post=120245"}],"version-history":[{"count":1,"href":"https:\/\/diariodigitalmx.com\/index.php\/wp-json\/wp\/v2\/posts\/120245\/revisions"}],"predecessor-version":[{"id":120246,"href":"https:\/\/diariodigitalmx.com\/index.php\/wp-json\/wp\/v2\/posts\/120245\/revisions\/120246"}],"wp:featuredmedia":[{"embeddable":true,"href":"https:\/\/diariodigitalmx.com\/index.php\/wp-json\/wp\/v2\/media\/120247"}],"wp:attachment":[{"href":"https:\/\/diariodigitalmx.com\/index.php\/wp-json\/wp\/v2\/media?parent=120245"}],"wp:term":[{"taxonomy":"category","embeddable":true,"href":"https:\/\/diariodigitalmx.com\/index.php\/wp-json\/wp\/v2\/categories?post=120245"},{"taxonomy":"post_tag","embeddable":true,"href":"https:\/\/diariodigitalmx.com\/index.php\/wp-json\/wp\/v2\/tags?post=120245"}],"curies":[{"name":"wp","href":"https:\/\/api.w.org\/{rel}","templated":true}]}}