{"id":120399,"date":"2024-06-08T05:56:25","date_gmt":"2024-06-08T10:56:25","guid":{"rendered":"https:\/\/diariodigitalmx.com\/?p=120399"},"modified":"2024-06-08T05:58:15","modified_gmt":"2024-06-08T10:58:15","slug":"120399","status":"publish","type":"post","link":"https:\/\/diariodigitalmx.com\/index.php\/2024\/06\/08\/120399\/","title":{"rendered":"Viaje por la danza y m\u00fasica de la costa mexicana"},"content":{"rendered":"\n<p>Son de M\u00e9xico \u201cArmon\u00edas del Litoral: Un encuentro de tradiciones folkl\u00f3ricas\u201d es un fascinante viaje por las danzas y m\u00fasica de Veracruz, Chiapas, Yucat\u00e1n, Campeche y Tabasco, un ejemplo de la esencia de la costa mexicana, su gran diversidad y el legado vivo de sus comunidades, que se presentar\u00e1 el domingo 9 de junio a las 19:00 horas, en la Explanada del Museo de Historia Mexicana.<\/p>\n\n\n\n<p>La presentaci\u00f3n estar\u00e1 a cargo del Ballet Folkl\u00f3rico Magisterial Nuevo Le\u00f3n, Secci\u00f3n 21 del SNTE, dirigido por la Mtra. Lorena Guerrero, cuyo programa se dise\u00f1\u00f3 eligiendo lo m\u00e1s representativo de la identidad de cada comunidad.<\/p>\n\n\n\n<p>Lorena Guerrero coment\u00f3 que la antolog\u00eda danc\u00edstica iniciar\u00e1 con la \u201cDanza de negritos\u201d de Veracruz, una danza postcortesiana que data de 1550, inspirada en un ritual africano adaptado por los totonacas.<\/p>\n\n\n\n<p>Otras manifestaciones art\u00edsticas surgieron tambi\u00e9n en la \u00e9poca de la colonia producto de la cultura popular y la devoci\u00f3n religiosa como \u201cEl sapo\u201d y \u201cDanza de parachicos\u201d en donde la magia de la marimba se hace presente.<\/p>\n\n\n\n<p>\u201cDesde Campeche, les traemos la \u201cFiesta del Palmar\u201d, una celebraci\u00f3n con m\u00fasica de charanga y desfiles tradicionales. De Yucat\u00e1n, presentamos \u201cJaranas antiguas\u201d, una danza mestiza con ritmos europeos y mayas. De Tabasco, disfrutaremos el \u201cZapateo Tabasque\u00f1o\u201d, acompa\u00f1ado por los &#8220;Tamborileros&#8221; y Jaime Guerrero \u00c1valos en la flauta\u201d, enumera.<\/p>\n\n\n\n<p>El cierre de la presentaci\u00f3n ser\u00e1 con el emotivo \u201cFandango en Tlacotalpan\u201d, una fiesta que permanece viva y rinde homenaje a la virgen de la Candelaria en Tlacotalpan, Veracruz, ah\u00ed, al sonido del son jarocho, con sus coplas y jarana, as\u00ed como el vigoroso y candente zapateado la gente de emocionar\u00e1 y disfrutar\u00e1 el cierre de la presentaci\u00f3n.<\/p>\n\n\n\n<p><\/p>\n","protected":false},"excerpt":{"rendered":"<p>Son de M\u00e9xico \u201cArmon\u00edas del Litoral: Un encuentro de tradiciones folkl\u00f3ricas\u201d es un fascinante viaje por las danzas y m\u00fasica de Veracruz, Chiapas, Yucat\u00e1n, Campeche y Tabasco, un ejemplo de la esencia de la costa mexicana, su gran diversidad y el legado vivo de sus comunidades, que se presentar\u00e1 el domingo 9 de junio a [&hellip;]<\/p>\n","protected":false},"author":1,"featured_media":120401,"comment_status":"open","ping_status":"open","sticky":true,"template":"","format":"standard","meta":{"footnotes":""},"categories":[11,14],"tags":[],"_links":{"self":[{"href":"https:\/\/diariodigitalmx.com\/index.php\/wp-json\/wp\/v2\/posts\/120399"}],"collection":[{"href":"https:\/\/diariodigitalmx.com\/index.php\/wp-json\/wp\/v2\/posts"}],"about":[{"href":"https:\/\/diariodigitalmx.com\/index.php\/wp-json\/wp\/v2\/types\/post"}],"author":[{"embeddable":true,"href":"https:\/\/diariodigitalmx.com\/index.php\/wp-json\/wp\/v2\/users\/1"}],"replies":[{"embeddable":true,"href":"https:\/\/diariodigitalmx.com\/index.php\/wp-json\/wp\/v2\/comments?post=120399"}],"version-history":[{"count":2,"href":"https:\/\/diariodigitalmx.com\/index.php\/wp-json\/wp\/v2\/posts\/120399\/revisions"}],"predecessor-version":[{"id":120403,"href":"https:\/\/diariodigitalmx.com\/index.php\/wp-json\/wp\/v2\/posts\/120399\/revisions\/120403"}],"wp:featuredmedia":[{"embeddable":true,"href":"https:\/\/diariodigitalmx.com\/index.php\/wp-json\/wp\/v2\/media\/120401"}],"wp:attachment":[{"href":"https:\/\/diariodigitalmx.com\/index.php\/wp-json\/wp\/v2\/media?parent=120399"}],"wp:term":[{"taxonomy":"category","embeddable":true,"href":"https:\/\/diariodigitalmx.com\/index.php\/wp-json\/wp\/v2\/categories?post=120399"},{"taxonomy":"post_tag","embeddable":true,"href":"https:\/\/diariodigitalmx.com\/index.php\/wp-json\/wp\/v2\/tags?post=120399"}],"curies":[{"name":"wp","href":"https:\/\/api.w.org\/{rel}","templated":true}]}}