{"id":120416,"date":"2024-06-08T23:36:03","date_gmt":"2024-06-09T04:36:03","guid":{"rendered":"https:\/\/diariodigitalmx.com\/?p=120416"},"modified":"2024-06-08T23:38:22","modified_gmt":"2024-06-09T04:38:22","slug":"es-mijes-el-alcalde-mas-votado-de-la-historia-de-escobedo","status":"publish","type":"post","link":"https:\/\/diariodigitalmx.com\/index.php\/2024\/06\/08\/es-mijes-el-alcalde-mas-votado-de-la-historia-de-escobedo\/","title":{"rendered":"Es Mijes el Alcalde m\u00e1s votado de la historia de Escobedo"},"content":{"rendered":"\n<p>Entre porras y una gran fiesta Andr\u00e9s Mijes recibi\u00f3 este s\u00e1bado la Constancia de Mayor\u00eda que lo acredita como el Alcalde Electo de Escobedo, confirmando as\u00ed su triunfo en esta contienda electoral.<\/p>\n\n\n\n<p>Acompa\u00f1ado de su esposa Yesica Torres de Mijes, sus hijos Andr\u00e9s y Alejandra, su pap\u00e1 Carlos Ra\u00fal Mijes y Clara Luz Flores, Diputada Electa por el Distrito 3 Federal, Mijes recibi\u00f3 el documento que lo avala como Edil por un periodo de tres a\u00f1os m\u00e1s.<\/p>\n\n\n\n<figure class=\"wp-block-image size-large\"><img loading=\"lazy\" decoding=\"async\" width=\"1024\" height=\"681\" src=\"https:\/\/diariodigitalmx.com\/wp-content\/uploads\/2024\/06\/IMG-20240608-WA0030-1024x681.jpg\" alt=\"\" class=\"wp-image-120419\" srcset=\"https:\/\/diariodigitalmx.com\/wp-content\/uploads\/2024\/06\/IMG-20240608-WA0030-1024x681.jpg 1024w, https:\/\/diariodigitalmx.com\/wp-content\/uploads\/2024\/06\/IMG-20240608-WA0030-300x199.jpg 300w, https:\/\/diariodigitalmx.com\/wp-content\/uploads\/2024\/06\/IMG-20240608-WA0030-768x511.jpg 768w, https:\/\/diariodigitalmx.com\/wp-content\/uploads\/2024\/06\/IMG-20240608-WA0030.jpg 1280w\" sizes=\"(max-width: 1024px) 100vw, 1024px\" \/><\/figure>\n\n\n\n<p>Mijes agradeci\u00f3 a las y los ciudadanos de Escobedo por lograr convertir su proyecto en el m\u00e1s votado de toda la historia de la Ciudad, por lo que reiter\u00f3 que trabajar\u00e1 para seguir con la transformaci\u00f3n de Escobedo.<\/p>\n\n\n\n<p>Andr\u00e9s Mijes obtuvo 78 mil 092 votos, que representa un 46.44 por ciento de la votaci\u00f3n total, lo anterior se dio a conocer tras finalizar el proceso de c\u00f3mputo oficial de la contienda realizado por el organismo electoral local.<\/p>\n\n\n\n<p>Mijes agradeci\u00f3 a las y los ciudadanos de Escobedo su confianza para iniciar a edificar el segundo piso de la Cuarta Transformaci\u00f3n.<\/p>\n\n\n\n<figure class=\"wp-block-image size-large\"><img loading=\"lazy\" decoding=\"async\" width=\"1024\" height=\"681\" src=\"https:\/\/diariodigitalmx.com\/wp-content\/uploads\/2024\/06\/IMG-20240608-WA0028-1024x681.jpg\" alt=\"\" class=\"wp-image-120422\" srcset=\"https:\/\/diariodigitalmx.com\/wp-content\/uploads\/2024\/06\/IMG-20240608-WA0028-1024x681.jpg 1024w, https:\/\/diariodigitalmx.com\/wp-content\/uploads\/2024\/06\/IMG-20240608-WA0028-300x199.jpg 300w, https:\/\/diariodigitalmx.com\/wp-content\/uploads\/2024\/06\/IMG-20240608-WA0028-768x511.jpg 768w, https:\/\/diariodigitalmx.com\/wp-content\/uploads\/2024\/06\/IMG-20240608-WA0028.jpg 1280w\" sizes=\"(max-width: 1024px) 100vw, 1024px\" \/><\/figure>\n\n\n\n<p>\u201cEste triunfo es el resultado del trabajo que hemos hecho, es el resultado de la cercan\u00eda de la gente que ve que s\u00ed se est\u00e1 transformando a Escobedo, y esta votaci\u00f3n que logramos es el refrendo que nos dan ellos, les recuerdo aqu\u00ed no solo gan\u00f3 Mijes sino todo Morena, por ello aqu\u00ed se construir\u00e1 el segundo piso de la Cuarta Transformaci\u00f3n, una Ciudad de todos&#8221;, mencion\u00f3.<\/p>\n\n\n\n<p>En su mensaje, Mijes reiter\u00f3 que Escobedo ahora es la \u201ccabeza de playa\u201d de Morena en Nuevo Le\u00f3n al arrasar en la elecci\u00f3n a la Presidencia con el apoyo a Claudia Sheinbaum y extendi\u00f3 su agradecimiento a los ciudadanos por tambi\u00e9n posicionar a los mejores perfiles en el Senado, C\u00e1mara de Diputados y Congreso Local.<\/p>\n\n\n\n<p>Al obtener una votaci\u00f3n hist\u00f3rica, Mijes agradeci\u00f3 a la ciudadan\u00eda la oportunidad de que la Cuarta Transformaci\u00f3n siga.<\/p>\n\n\n\n<p>Para los pr\u00f3ximos tres a\u00f1os, Mijes reiter\u00f3 que trabajar\u00e1 para convertir a Escobedo en una Ciudad de Paz, Sustentable, de Trabajo, de Servicios, de Movilidad y de la Gente donde se continue impulsando proyectos que ayuden a recortar la brecha de la desigualdad.<\/p>\n","protected":false},"excerpt":{"rendered":"<p>Entre porras y una gran fiesta Andr\u00e9s Mijes recibi\u00f3 este s\u00e1bado la Constancia de Mayor\u00eda que lo acredita como el Alcalde Electo de Escobedo, confirmando as\u00ed su triunfo en esta contienda electoral. Acompa\u00f1ado de su esposa Yesica Torres de Mijes, sus hijos Andr\u00e9s y Alejandra, su pap\u00e1 Carlos Ra\u00fal Mijes y Clara Luz Flores, Diputada [&hellip;]<\/p>\n","protected":false},"author":1,"featured_media":120418,"comment_status":"open","ping_status":"open","sticky":true,"template":"","format":"standard","meta":{"footnotes":""},"categories":[14,6],"tags":[],"_links":{"self":[{"href":"https:\/\/diariodigitalmx.com\/index.php\/wp-json\/wp\/v2\/posts\/120416"}],"collection":[{"href":"https:\/\/diariodigitalmx.com\/index.php\/wp-json\/wp\/v2\/posts"}],"about":[{"href":"https:\/\/diariodigitalmx.com\/index.php\/wp-json\/wp\/v2\/types\/post"}],"author":[{"embeddable":true,"href":"https:\/\/diariodigitalmx.com\/index.php\/wp-json\/wp\/v2\/users\/1"}],"replies":[{"embeddable":true,"href":"https:\/\/diariodigitalmx.com\/index.php\/wp-json\/wp\/v2\/comments?post=120416"}],"version-history":[{"count":3,"href":"https:\/\/diariodigitalmx.com\/index.php\/wp-json\/wp\/v2\/posts\/120416\/revisions"}],"predecessor-version":[{"id":120423,"href":"https:\/\/diariodigitalmx.com\/index.php\/wp-json\/wp\/v2\/posts\/120416\/revisions\/120423"}],"wp:featuredmedia":[{"embeddable":true,"href":"https:\/\/diariodigitalmx.com\/index.php\/wp-json\/wp\/v2\/media\/120418"}],"wp:attachment":[{"href":"https:\/\/diariodigitalmx.com\/index.php\/wp-json\/wp\/v2\/media?parent=120416"}],"wp:term":[{"taxonomy":"category","embeddable":true,"href":"https:\/\/diariodigitalmx.com\/index.php\/wp-json\/wp\/v2\/categories?post=120416"},{"taxonomy":"post_tag","embeddable":true,"href":"https:\/\/diariodigitalmx.com\/index.php\/wp-json\/wp\/v2\/tags?post=120416"}],"curies":[{"name":"wp","href":"https:\/\/api.w.org\/{rel}","templated":true}]}}