{"id":120437,"date":"2024-06-09T00:16:48","date_gmt":"2024-06-09T05:16:48","guid":{"rendered":"https:\/\/diariodigitalmx.com\/?p=120437"},"modified":"2024-06-09T00:18:01","modified_gmt":"2024-06-09T05:18:01","slug":"alternancia-no-es-democracia-aclara-manuel-carmona","status":"publish","type":"post","link":"https:\/\/diariodigitalmx.com\/index.php\/2024\/06\/09\/alternancia-no-es-democracia-aclara-manuel-carmona\/","title":{"rendered":"Alternancia no es democracia, aclara Manuel Carmona"},"content":{"rendered":"\n<p>Charlas de taberna<\/p>\n\n\n\n<p>Marcos H. Valerio<\/p>\n\n\n\n<p>Cuando en el a\u00f1o 2000 se derrumb\u00f3 el partido \u00fanico durante siete d\u00e9cadas y empez\u00f3 la era de la alternancia, que la sociedad confundi\u00f3 con democracia, a partir de esta fecha he sostenido que la democracia \u201cya exist\u00eda\u201d, afirma en entrevista, el autor de la obra \u201cLa Ilusi\u00f3n del Poder\u201d, Manuel Carmona Sosa.<\/p>\n\n\n\n<p>Durante la charla, asegura que la democracia es el gobierno de las mayor\u00edas y durante m\u00e1s de 70 a\u00f1os las mayor\u00edas eligieron al PRI, una y otra vez en cada elecci\u00f3n, por eso lo que ocurri\u00f3 en el a\u00f1o 2000, fue la inauguraci\u00f3n de la alternancia.<\/p>\n\n\n\n<p>A partir del a\u00f1o 2000, el poder se ha movido de manera intermitente a la derecha, al centro y ahora hacia la izquierda, ya m\u00e1s democr\u00e1tico el asunto, no puede ser.<\/p>\n\n\n\n<figure class=\"wp-block-image size-large\"><img loading=\"lazy\" decoding=\"async\" width=\"768\" height=\"1024\" src=\"https:\/\/diariodigitalmx.com\/wp-content\/uploads\/2024\/06\/IMG-20240605-WA0125-768x1024.jpg\" alt=\"\" class=\"wp-image-120440\" srcset=\"https:\/\/diariodigitalmx.com\/wp-content\/uploads\/2024\/06\/IMG-20240605-WA0125-768x1024.jpg 768w, https:\/\/diariodigitalmx.com\/wp-content\/uploads\/2024\/06\/IMG-20240605-WA0125-225x300.jpg 225w, https:\/\/diariodigitalmx.com\/wp-content\/uploads\/2024\/06\/IMG-20240605-WA0125.jpg 1056w\" sizes=\"(max-width: 768px) 100vw, 768px\" \/><\/figure>\n\n\n\n<p>Sin embargo, siempre es lo mismo. Los que pierden descalifican el proceso, al \u00e1rbitro de la contienda, al partido en el poder, a los medios de comunicaci\u00f3n y acusan de todo lo que se les ocurre a sus adversarios. El objetivo es justificar la derrota, en resumen, la negaci\u00f3n de la realidad.<\/p>\n\n\n\n<p>Manuel Carmona, asegura que la democracia se practica en M\u00e9xico desde hace un siglo, pero lo que no hemos podido generar es la existencia de dem\u00f3cratas.<\/p>\n\n\n\n<p>\u201cEs decir, solo se acepta el resultado cuando es conveniente a tu causa, pero si no lo es, entonces viene la cascada de descalificaciones y de acciones legales, pol\u00edticas, movilizaciones para tratar de revertir a trav\u00e9s de presiones, lo que no se consigui\u00f3 en las urnas\u201d.<\/p>\n\n\n\n<p>La alianza opositora est\u00e1 obligada a practicar una auto cr\u00edtica exhaustiva y minuciosa, si quiere tener \u00e9xito pol\u00edtico en el futuro. Necesitan determinar y aceptar \u00bfqu\u00e9 hicieron mal y que dejaron de hacer?<\/p>\n\n\n\n<p>El autor de la obra \u201cLa Ilusi\u00f3n del Poder\u201d, a\u00f1ade que necesitan responsabilizarse de la derrota y hacer un relanzamiento de sus proyectos de cara al futuro.<\/p>\n\n\n\n<p>\u201cNo solo refugiarse en el lamento y en el lloriqueo por el posible abuso de sus contrincantes\u201d.<\/p>\n","protected":false},"excerpt":{"rendered":"<p>Charlas de taberna Marcos H. Valerio Cuando en el a\u00f1o 2000 se derrumb\u00f3 el partido \u00fanico durante siete d\u00e9cadas y empez\u00f3 la era de la alternancia, que la sociedad confundi\u00f3 con democracia, a partir de esta fecha he sostenido que la democracia \u201cya exist\u00eda\u201d, afirma en entrevista, el autor de la obra \u201cLa Ilusi\u00f3n del [&hellip;]<\/p>\n","protected":false},"author":1,"featured_media":120439,"comment_status":"open","ping_status":"open","sticky":true,"template":"","format":"standard","meta":{"footnotes":""},"categories":[2,5],"tags":[],"_links":{"self":[{"href":"https:\/\/diariodigitalmx.com\/index.php\/wp-json\/wp\/v2\/posts\/120437"}],"collection":[{"href":"https:\/\/diariodigitalmx.com\/index.php\/wp-json\/wp\/v2\/posts"}],"about":[{"href":"https:\/\/diariodigitalmx.com\/index.php\/wp-json\/wp\/v2\/types\/post"}],"author":[{"embeddable":true,"href":"https:\/\/diariodigitalmx.com\/index.php\/wp-json\/wp\/v2\/users\/1"}],"replies":[{"embeddable":true,"href":"https:\/\/diariodigitalmx.com\/index.php\/wp-json\/wp\/v2\/comments?post=120437"}],"version-history":[{"count":2,"href":"https:\/\/diariodigitalmx.com\/index.php\/wp-json\/wp\/v2\/posts\/120437\/revisions"}],"predecessor-version":[{"id":120442,"href":"https:\/\/diariodigitalmx.com\/index.php\/wp-json\/wp\/v2\/posts\/120437\/revisions\/120442"}],"wp:featuredmedia":[{"embeddable":true,"href":"https:\/\/diariodigitalmx.com\/index.php\/wp-json\/wp\/v2\/media\/120439"}],"wp:attachment":[{"href":"https:\/\/diariodigitalmx.com\/index.php\/wp-json\/wp\/v2\/media?parent=120437"}],"wp:term":[{"taxonomy":"category","embeddable":true,"href":"https:\/\/diariodigitalmx.com\/index.php\/wp-json\/wp\/v2\/categories?post=120437"},{"taxonomy":"post_tag","embeddable":true,"href":"https:\/\/diariodigitalmx.com\/index.php\/wp-json\/wp\/v2\/tags?post=120437"}],"curies":[{"name":"wp","href":"https:\/\/api.w.org\/{rel}","templated":true}]}}