{"id":120459,"date":"2024-06-09T00:41:39","date_gmt":"2024-06-09T05:41:39","guid":{"rendered":"https:\/\/diariodigitalmx.com\/?p=120459"},"modified":"2024-06-09T00:43:53","modified_gmt":"2024-06-09T05:43:53","slug":"participan-en-olimpiada-del-conocimiento-infantil","status":"publish","type":"post","link":"https:\/\/diariodigitalmx.com\/index.php\/2024\/06\/09\/participan-en-olimpiada-del-conocimiento-infantil\/","title":{"rendered":"Participan en Olimpiada del Conocimiento Infantil"},"content":{"rendered":"\n<p>Monterrey, Nuevo Le\u00f3n.- En el marco del proyecto estrat\u00e9gico Nuevo Le\u00f3n Aprende, 351 estudiantes de sexto a\u00f1o de primaria participaron en la Olimpiada del Conocimiento Infantil 2024, correspondiente a su etapa estatal.<br>Las alumnas y alumnos se dieron cita en el auditorio de la Normal Miguel F. Mart\u00ednez para presentar su examen en los campos formativos de Lenguaje y Comunicaci\u00f3n, Matem\u00e1ticas y Ciencias.<\/p>\n\n\n\n<figure class=\"wp-block-image size-large\"><img loading=\"lazy\" decoding=\"async\" width=\"1024\" height=\"682\" src=\"https:\/\/diariodigitalmx.com\/wp-content\/uploads\/2024\/06\/e64d843f-fbaa-47e8-8eb3-d8a9d48bbbcd-1024x682.jpeg\" alt=\"\" class=\"wp-image-120462\" srcset=\"https:\/\/diariodigitalmx.com\/wp-content\/uploads\/2024\/06\/e64d843f-fbaa-47e8-8eb3-d8a9d48bbbcd-1024x682.jpeg 1024w, https:\/\/diariodigitalmx.com\/wp-content\/uploads\/2024\/06\/e64d843f-fbaa-47e8-8eb3-d8a9d48bbbcd-300x200.jpeg 300w, https:\/\/diariodigitalmx.com\/wp-content\/uploads\/2024\/06\/e64d843f-fbaa-47e8-8eb3-d8a9d48bbbcd-768x512.jpeg 768w, https:\/\/diariodigitalmx.com\/wp-content\/uploads\/2024\/06\/e64d843f-fbaa-47e8-8eb3-d8a9d48bbbcd-1536x1023.jpeg 1536w, https:\/\/diariodigitalmx.com\/wp-content\/uploads\/2024\/06\/e64d843f-fbaa-47e8-8eb3-d8a9d48bbbcd.jpeg 1600w\" sizes=\"(max-width: 1024px) 100vw, 1024px\" \/><\/figure>\n\n\n\n<p>Durante la ceremonia de arranque de la aplicaci\u00f3n de la prueba, la Secretar\u00eda de Educaci\u00f3n, Sofialeticia Morales Garza, reconoci\u00f3 el esfuerzo de las y los estudiantes, quienes han mostrado un gran compromiso con sus estudios.<\/p>\n\n\n\n<figure class=\"wp-block-image size-large\"><img loading=\"lazy\" decoding=\"async\" width=\"1024\" height=\"682\" src=\"https:\/\/diariodigitalmx.com\/wp-content\/uploads\/2024\/06\/69822388-0498-4dde-ae1f-9bfc0c910c7e-1024x682.jpeg\" alt=\"\" class=\"wp-image-120465\" srcset=\"https:\/\/diariodigitalmx.com\/wp-content\/uploads\/2024\/06\/69822388-0498-4dde-ae1f-9bfc0c910c7e-1024x682.jpeg 1024w, https:\/\/diariodigitalmx.com\/wp-content\/uploads\/2024\/06\/69822388-0498-4dde-ae1f-9bfc0c910c7e-300x200.jpeg 300w, https:\/\/diariodigitalmx.com\/wp-content\/uploads\/2024\/06\/69822388-0498-4dde-ae1f-9bfc0c910c7e-768x512.jpeg 768w, https:\/\/diariodigitalmx.com\/wp-content\/uploads\/2024\/06\/69822388-0498-4dde-ae1f-9bfc0c910c7e-1536x1023.jpeg 1536w, https:\/\/diariodigitalmx.com\/wp-content\/uploads\/2024\/06\/69822388-0498-4dde-ae1f-9bfc0c910c7e.jpeg 1600w\" sizes=\"(max-width: 1024px) 100vw, 1024px\" \/><\/figure>\n\n\n\n<p>Las y los participantes son de escuelas primarias p\u00fablicas, particulares, ind\u00edgenas y Centros Comunitarios del Consejo Nacional de Fomento Educativo (CONAFE). Es importante mencionar que en la etapa censal participaron m\u00e1s de 87 mil estudiantes.<br>De acuerdo a las bases de la convocatoria, la publicaci\u00f3n de los 28 ganadores de este concurso ser\u00e1 el 21 de junio de 2024 y podr\u00e1 consultarse en la p\u00e1gina oficial de la Secretar\u00eda de Educaci\u00f3n P\u00fablica.<br>Los y las finalistas formar\u00e1n parte de la Delegaci\u00f3n de Nuevo Le\u00f3n y ser\u00e1n reconocidos por autoridades estatales y educativas durante una ceremonia oficial.<\/p>\n","protected":false},"excerpt":{"rendered":"<p>Monterrey, Nuevo Le\u00f3n.- En el marco del proyecto estrat\u00e9gico Nuevo Le\u00f3n Aprende, 351 estudiantes de sexto a\u00f1o de primaria participaron en la Olimpiada del Conocimiento Infantil 2024, correspondiente a su etapa estatal.Las alumnas y alumnos se dieron cita en el auditorio de la Normal Miguel F. Mart\u00ednez para presentar su examen en los campos formativos [&hellip;]<\/p>\n","protected":false},"author":1,"featured_media":120461,"comment_status":"open","ping_status":"open","sticky":true,"template":"","format":"standard","meta":{"footnotes":""},"categories":[14,6],"tags":[],"_links":{"self":[{"href":"https:\/\/diariodigitalmx.com\/index.php\/wp-json\/wp\/v2\/posts\/120459"}],"collection":[{"href":"https:\/\/diariodigitalmx.com\/index.php\/wp-json\/wp\/v2\/posts"}],"about":[{"href":"https:\/\/diariodigitalmx.com\/index.php\/wp-json\/wp\/v2\/types\/post"}],"author":[{"embeddable":true,"href":"https:\/\/diariodigitalmx.com\/index.php\/wp-json\/wp\/v2\/users\/1"}],"replies":[{"embeddable":true,"href":"https:\/\/diariodigitalmx.com\/index.php\/wp-json\/wp\/v2\/comments?post=120459"}],"version-history":[{"count":4,"href":"https:\/\/diariodigitalmx.com\/index.php\/wp-json\/wp\/v2\/posts\/120459\/revisions"}],"predecessor-version":[{"id":120466,"href":"https:\/\/diariodigitalmx.com\/index.php\/wp-json\/wp\/v2\/posts\/120459\/revisions\/120466"}],"wp:featuredmedia":[{"embeddable":true,"href":"https:\/\/diariodigitalmx.com\/index.php\/wp-json\/wp\/v2\/media\/120461"}],"wp:attachment":[{"href":"https:\/\/diariodigitalmx.com\/index.php\/wp-json\/wp\/v2\/media?parent=120459"}],"wp:term":[{"taxonomy":"category","embeddable":true,"href":"https:\/\/diariodigitalmx.com\/index.php\/wp-json\/wp\/v2\/categories?post=120459"},{"taxonomy":"post_tag","embeddable":true,"href":"https:\/\/diariodigitalmx.com\/index.php\/wp-json\/wp\/v2\/tags?post=120459"}],"curies":[{"name":"wp","href":"https:\/\/api.w.org\/{rel}","templated":true}]}}