{"id":120482,"date":"2024-06-10T09:32:31","date_gmt":"2024-06-10T14:32:31","guid":{"rendered":"https:\/\/diariodigitalmx.com\/?p=120482"},"modified":"2024-06-10T09:33:44","modified_gmt":"2024-06-10T14:33:44","slug":"convoca-pt-a-la-marcha-mitin-del-10-de-junio","status":"publish","type":"post","link":"https:\/\/diariodigitalmx.com\/index.php\/2024\/06\/10\/convoca-pt-a-la-marcha-mitin-del-10-de-junio\/","title":{"rendered":"Convoca PT a la marcha mitin del 10 de junio"},"content":{"rendered":"\n<p>El Partido del Trabajo y el Frente Popular \u201cTierra y Libertad\u201d convocaron a la marcha-mitin para recordar la matanza estudiantil del 10 de junio de 1971, este lunes a partir de las 18:00 horas desde la Plaza Colegio Civil hasta la Macroplaza.<\/p>\n\n\n\n<p>En el mitin se reconocer\u00e1 la victoria popular de Claudia Sheinbaum, la primera mujer de izquierda electa Presidenta de M\u00e9xico, as\u00ed como los triunfos de candidatas y candidatos del PT.<\/p>\n\n\n\n<p>\u201cA 53 a\u00f1os de la cruel matanza del \u2018Jueves de Corpus\u2019, tambi\u00e9n conocido como el \u2018Halconazo\u2019, convocamos a la Gran Marcha para exigir justicia al gobierno en turno contra el Crimen de Estado\u201d.<\/p>\n\n\n\n<figure class=\"wp-block-image size-full\"><img loading=\"lazy\" decoding=\"async\" width=\"960\" height=\"727\" src=\"https:\/\/diariodigitalmx.com\/wp-content\/uploads\/2024\/06\/IMG-20240609-WA0069.jpg\" alt=\"\" class=\"wp-image-120486\" srcset=\"https:\/\/diariodigitalmx.com\/wp-content\/uploads\/2024\/06\/IMG-20240609-WA0069.jpg 960w, https:\/\/diariodigitalmx.com\/wp-content\/uploads\/2024\/06\/IMG-20240609-WA0069-300x227.jpg 300w, https:\/\/diariodigitalmx.com\/wp-content\/uploads\/2024\/06\/IMG-20240609-WA0069-768x582.jpg 768w\" sizes=\"(max-width: 960px) 100vw, 960px\" \/><\/figure>\n\n\n\n<p>As\u00ed lo se\u00f1al\u00f3 la maestra Lupita Rodr\u00edguez Mart\u00ednez, dirigente del Partido del Trabajo y del Frente Popular \u201cTierra y Libertad\u201d.<\/p>\n\n\n\n<p>Record\u00f3 que un 10 de junio de 1971 miles de estudiantes de la UNAM, del IPN y de Chapingo marcharon por las calles de Ciudad de M\u00e9xico, en respaldo del movimiento estudiantil del Estado por la autonom\u00eda de la Universidad de Nuevo Le\u00f3n.<\/p>\n\n\n\n<p>Dijo que era la primera marcha despu\u00e9s de la matanza estudiantil del 2 de octubre de 1968, cuando m\u00e1s de mil sujetos armados con fusiles M-1, pistolas y kendos atacaron al contingente.<\/p>\n\n\n\n<p>Eran \u201clos halcones\u201d, grupo paramilitar entrenado y financiado por Alfonso Mart\u00ednez Dom\u00ednguez, regente de la Ciudad de M\u00e9xico, por \u00f3rdenes del presidente Luis Echeverr\u00eda en aquel entonces, refiri\u00f3.<\/p>\n\n\n\n<p>\u201cMurieron cientos de estudiantes y gente de pueblo que se uni\u00f3 a su lucha\u201d, dijo y cuestion\u00f3 que la masacre siga impune despu\u00e9s de 53 a\u00f1os.<\/p>\n\n\n\n<p>Los contingentes de marchistas se congregar\u00e1n en la Plaza Colegio Civil. De ah\u00ed partir\u00e1n por Avenida Ju\u00e1rez para doblar por las calles Padre Mier y Zaragoza en sentido contrario y desembocar en la Explanada de los H\u00e9roes de la Gran Plaza a las 19:00 horas.<\/p>\n","protected":false},"excerpt":{"rendered":"<p>El Partido del Trabajo y el Frente Popular \u201cTierra y Libertad\u201d convocaron a la marcha-mitin para recordar la matanza estudiantil del 10 de junio de 1971, este lunes a partir de las 18:00 horas desde la Plaza Colegio Civil hasta la Macroplaza. En el mitin se reconocer\u00e1 la victoria popular de Claudia Sheinbaum, la primera [&hellip;]<\/p>\n","protected":false},"author":1,"featured_media":120484,"comment_status":"open","ping_status":"open","sticky":true,"template":"","format":"standard","meta":{"footnotes":""},"categories":[14,6],"tags":[],"_links":{"self":[{"href":"https:\/\/diariodigitalmx.com\/index.php\/wp-json\/wp\/v2\/posts\/120482"}],"collection":[{"href":"https:\/\/diariodigitalmx.com\/index.php\/wp-json\/wp\/v2\/posts"}],"about":[{"href":"https:\/\/diariodigitalmx.com\/index.php\/wp-json\/wp\/v2\/types\/post"}],"author":[{"embeddable":true,"href":"https:\/\/diariodigitalmx.com\/index.php\/wp-json\/wp\/v2\/users\/1"}],"replies":[{"embeddable":true,"href":"https:\/\/diariodigitalmx.com\/index.php\/wp-json\/wp\/v2\/comments?post=120482"}],"version-history":[{"count":3,"href":"https:\/\/diariodigitalmx.com\/index.php\/wp-json\/wp\/v2\/posts\/120482\/revisions"}],"predecessor-version":[{"id":120488,"href":"https:\/\/diariodigitalmx.com\/index.php\/wp-json\/wp\/v2\/posts\/120482\/revisions\/120488"}],"wp:featuredmedia":[{"embeddable":true,"href":"https:\/\/diariodigitalmx.com\/index.php\/wp-json\/wp\/v2\/media\/120484"}],"wp:attachment":[{"href":"https:\/\/diariodigitalmx.com\/index.php\/wp-json\/wp\/v2\/media?parent=120482"}],"wp:term":[{"taxonomy":"category","embeddable":true,"href":"https:\/\/diariodigitalmx.com\/index.php\/wp-json\/wp\/v2\/categories?post=120482"},{"taxonomy":"post_tag","embeddable":true,"href":"https:\/\/diariodigitalmx.com\/index.php\/wp-json\/wp\/v2\/tags?post=120482"}],"curies":[{"name":"wp","href":"https:\/\/api.w.org\/{rel}","templated":true}]}}