{"id":120489,"date":"2024-06-10T15:46:52","date_gmt":"2024-06-10T20:46:52","guid":{"rendered":"https:\/\/diariodigitalmx.com\/?p=120489"},"modified":"2024-06-10T15:47:48","modified_gmt":"2024-06-10T20:47:48","slug":"muere-pato-levy-hijo-de-talina-fernandez","status":"publish","type":"post","link":"https:\/\/diariodigitalmx.com\/index.php\/2024\/06\/10\/muere-pato-levy-hijo-de-talina-fernandez\/","title":{"rendered":"Muere Pato Levy, hijo de Talina Fern\u00e1ndez"},"content":{"rendered":"\n<p>Muri\u00f3 a los 53 a\u00f1os de edad<br>Patricio &#8220;Pato&#8221; Levy Fern\u00e1ndez, hijo de Talina Fern\u00e1ndez, inform\u00f3 su hermano Jorge &#8220;Coco&#8221; Levy.<\/p>\n\n\n\n<p>&#8220;La muerte fue en la noche, fue dormido, la novia cuando despert\u00f3 lo sinti\u00f3 muy fr\u00edo, \u00e9l ten\u00eda una arritmia cardiaca, padec\u00eda diabetes y anemia&#8221;, dijo su hermano al programa Ventaneando donde se\u00f1al\u00f3 que ya ten\u00eda algunos problemas de salud.<\/p>\n\n\n\n<p>Mencion\u00f3 que la familia se encuentra sorprendida por el fallecimiento por lo que ahora est\u00e1n en los preparativos para despedirlo.<\/p>\n\n\n\n<p>&#8220;Estamos en shock todav\u00eda, muy sorprendidos, asustado con todas las cosas que se vienen, habr\u00e1 mucho qu\u00e9 hacer. Para m\u00ed todav\u00eda es una locura, estoy en shock pude abrazarlo y llorar antes de que se lo llevaran&#8221;.<\/p>\n\n\n\n<p>&#8220;Pato&#8221; Levy enfrentaba problemas del coraz\u00f3n, por los que requer\u00eda una cirug\u00eda pero que al ser un procedimiento costoso, no pod\u00eda someterse al procedimiento, coment\u00f3 en ocasiones a programas de espect\u00e1culos.<\/p>\n","protected":false},"excerpt":{"rendered":"<p>Muri\u00f3 a los 53 a\u00f1os de edadPatricio &#8220;Pato&#8221; Levy Fern\u00e1ndez, hijo de Talina Fern\u00e1ndez, inform\u00f3 su hermano Jorge &#8220;Coco&#8221; Levy. &#8220;La muerte fue en la noche, fue dormido, la novia cuando despert\u00f3 lo sinti\u00f3 muy fr\u00edo, \u00e9l ten\u00eda una arritmia cardiaca, padec\u00eda diabetes y anemia&#8221;, dijo su hermano al programa Ventaneando donde se\u00f1al\u00f3 que ya [&hellip;]<\/p>\n","protected":false},"author":1,"featured_media":120491,"comment_status":"open","ping_status":"open","sticky":true,"template":"","format":"standard","meta":{"footnotes":""},"categories":[9,3],"tags":[],"_links":{"self":[{"href":"https:\/\/diariodigitalmx.com\/index.php\/wp-json\/wp\/v2\/posts\/120489"}],"collection":[{"href":"https:\/\/diariodigitalmx.com\/index.php\/wp-json\/wp\/v2\/posts"}],"about":[{"href":"https:\/\/diariodigitalmx.com\/index.php\/wp-json\/wp\/v2\/types\/post"}],"author":[{"embeddable":true,"href":"https:\/\/diariodigitalmx.com\/index.php\/wp-json\/wp\/v2\/users\/1"}],"replies":[{"embeddable":true,"href":"https:\/\/diariodigitalmx.com\/index.php\/wp-json\/wp\/v2\/comments?post=120489"}],"version-history":[{"count":1,"href":"https:\/\/diariodigitalmx.com\/index.php\/wp-json\/wp\/v2\/posts\/120489\/revisions"}],"predecessor-version":[{"id":120490,"href":"https:\/\/diariodigitalmx.com\/index.php\/wp-json\/wp\/v2\/posts\/120489\/revisions\/120490"}],"wp:featuredmedia":[{"embeddable":true,"href":"https:\/\/diariodigitalmx.com\/index.php\/wp-json\/wp\/v2\/media\/120491"}],"wp:attachment":[{"href":"https:\/\/diariodigitalmx.com\/index.php\/wp-json\/wp\/v2\/media?parent=120489"}],"wp:term":[{"taxonomy":"category","embeddable":true,"href":"https:\/\/diariodigitalmx.com\/index.php\/wp-json\/wp\/v2\/categories?post=120489"},{"taxonomy":"post_tag","embeddable":true,"href":"https:\/\/diariodigitalmx.com\/index.php\/wp-json\/wp\/v2\/tags?post=120489"}],"curies":[{"name":"wp","href":"https:\/\/api.w.org\/{rel}","templated":true}]}}