{"id":120492,"date":"2024-06-10T21:29:11","date_gmt":"2024-06-11T02:29:11","guid":{"rendered":"https:\/\/diariodigitalmx.com\/?p=120492"},"modified":"2024-06-10T21:32:17","modified_gmt":"2024-06-11T02:32:17","slug":"refuerza-escobedo-cultura-de-la-prevencion-realizan-simulacro-de-incendio-en-jardin-de-ninos","status":"publish","type":"post","link":"https:\/\/diariodigitalmx.com\/index.php\/2024\/06\/10\/refuerza-escobedo-cultura-de-la-prevencion-realizan-simulacro-de-incendio-en-jardin-de-ninos\/","title":{"rendered":"Refuerza Escobedo cultura de la prevenci\u00f3n; realizan simulacro de incendio en jard\u00edn de ni\u00f1os"},"content":{"rendered":"\n<p>El Municipio de Escobedo contin\u00faa promoviendo la cultura de la prevenci\u00f3n, este lunes, elementos de Protecci\u00f3n Civil Municipal realizaron un simulacro de incendio en un jard\u00edn de ni\u00f1os en la zona norponiente.<\/p>\n\n\n\n<p>Patricia P\u00e9rez, Directora de Protecci\u00f3n Civil de Escobedo dio a conocer que como parte del programa \u201cGuardianes Escolares\u201d desde el preescolar \u201cFrancisco de Quevedo y Villegas\u201d en la Colonia Villas de San Francisco se capacit\u00f3 a los ni\u00f1os, personal docente y administrativo, adem\u00e1s de padres de familia en los temas relacionados a la atenci\u00f3n y detenci\u00f3n de situaciones de emergencia.<\/p>\n\n\n\n<figure class=\"wp-block-image size-large\"><img loading=\"lazy\" decoding=\"async\" width=\"1024\" height=\"681\" src=\"https:\/\/diariodigitalmx.com\/wp-content\/uploads\/2024\/06\/Q9A8807-1024x681.jpg\" alt=\"\" class=\"wp-image-120495\" srcset=\"https:\/\/diariodigitalmx.com\/wp-content\/uploads\/2024\/06\/Q9A8807-1024x681.jpg 1024w, https:\/\/diariodigitalmx.com\/wp-content\/uploads\/2024\/06\/Q9A8807-300x199.jpg 300w, https:\/\/diariodigitalmx.com\/wp-content\/uploads\/2024\/06\/Q9A8807-768x511.jpg 768w, https:\/\/diariodigitalmx.com\/wp-content\/uploads\/2024\/06\/Q9A8807-1536x1021.jpg 1536w, https:\/\/diariodigitalmx.com\/wp-content\/uploads\/2024\/06\/Q9A8807-2048x1362.jpg 2048w\" sizes=\"(max-width: 1024px) 100vw, 1024px\" \/><\/figure>\n\n\n\n<p>Este lunes, para dar por concluida la capacitaci\u00f3n se realiz\u00f3 un simulacro de incendio, donde participaron 130 alumnos de primero, segundo y tercer a\u00f1o de preescolar, adem\u00e1s de maestros y padres de familia, logrando la evacuaci\u00f3n exitosa de los estudiantes en un tiempo de 1 minuto 50 segundos.<\/p>\n\n\n\n<p>Con la capacitaci\u00f3n \u201cGuardianes Escolares\u201d se explica a los infantes lo que deben de hacer para evitar alguna ca\u00edda, quemadura, lesi\u00f3n, intoxicaci\u00f3n o cualquier incidente que ponga en riesgo su integridad.<\/p>\n\n\n\n<figure class=\"wp-block-image size-large\"><img loading=\"lazy\" decoding=\"async\" width=\"1024\" height=\"681\" src=\"https:\/\/diariodigitalmx.com\/wp-content\/uploads\/2024\/06\/Q9A8767-1024x681.jpg\" alt=\"\" class=\"wp-image-120497\" srcset=\"https:\/\/diariodigitalmx.com\/wp-content\/uploads\/2024\/06\/Q9A8767-1024x681.jpg 1024w, https:\/\/diariodigitalmx.com\/wp-content\/uploads\/2024\/06\/Q9A8767-300x199.jpg 300w, https:\/\/diariodigitalmx.com\/wp-content\/uploads\/2024\/06\/Q9A8767-768x511.jpg 768w, https:\/\/diariodigitalmx.com\/wp-content\/uploads\/2024\/06\/Q9A8767-1536x1021.jpg 1536w, https:\/\/diariodigitalmx.com\/wp-content\/uploads\/2024\/06\/Q9A8767-2048x1362.jpg 2048w\" sizes=\"(max-width: 1024px) 100vw, 1024px\" \/><\/figure>\n\n\n\n<p>En estas pl\u00e1ticas, se detalla a los estudiantes que por su seguridad no deben de correr en los patios u aulas, adem\u00e1s de que no deben de jugar rudo o empujarse en el patio de juegos.<\/p>\n\n\n\n<p>Mientras que para a casa, se les pidi\u00f3 a los ni\u00f1os no correr en escaleras, no jugar con los contactos de luz, no acercarse a la cocina u estufa sin supervisi\u00f3n, y no tomar l\u00edquidos que vean en botellas.<\/p>\n\n\n\n<figure class=\"wp-block-image size-large\"><img loading=\"lazy\" decoding=\"async\" width=\"1024\" height=\"681\" src=\"https:\/\/diariodigitalmx.com\/wp-content\/uploads\/2024\/06\/Q9A8841-1024x681.jpg\" alt=\"\" class=\"wp-image-120498\" srcset=\"https:\/\/diariodigitalmx.com\/wp-content\/uploads\/2024\/06\/Q9A8841-1024x681.jpg 1024w, https:\/\/diariodigitalmx.com\/wp-content\/uploads\/2024\/06\/Q9A8841-300x199.jpg 300w, https:\/\/diariodigitalmx.com\/wp-content\/uploads\/2024\/06\/Q9A8841-768x511.jpg 768w, https:\/\/diariodigitalmx.com\/wp-content\/uploads\/2024\/06\/Q9A8841-1536x1021.jpg 1536w, https:\/\/diariodigitalmx.com\/wp-content\/uploads\/2024\/06\/Q9A8841-2048x1362.jpg 2048w\" sizes=\"(max-width: 1024px) 100vw, 1024px\" \/><\/figure>\n\n\n\n<p>Protecci\u00f3n Civil de Escobedo ha realizado diversos cursos de primeros auxilios y de atenci\u00f3n r\u00e1pida de emergencias a personal preescolar, primaria, secundaria y preparatoria.<\/p>\n\n\n\n<p>Las instituciones educativas interesadas en tener este tipo de pl\u00e1ticas y cursos se pueden comunicar directamente a Protecci\u00f3n Civil de Escobedo a trav\u00e9s del n\u00famero telef\u00f3nico 81.8397.2911 a fin de agendar una visita.<\/p>\n","protected":false},"excerpt":{"rendered":"<p>El Municipio de Escobedo contin\u00faa promoviendo la cultura de la prevenci\u00f3n, este lunes, elementos de Protecci\u00f3n Civil Municipal realizaron un simulacro de incendio en un jard\u00edn de ni\u00f1os en la zona norponiente. Patricia P\u00e9rez, Directora de Protecci\u00f3n Civil de Escobedo dio a conocer que como parte del programa \u201cGuardianes Escolares\u201d desde el preescolar \u201cFrancisco de [&hellip;]<\/p>\n","protected":false},"author":1,"featured_media":120494,"comment_status":"open","ping_status":"open","sticky":true,"template":"","format":"standard","meta":{"footnotes":""},"categories":[14,6],"tags":[],"_links":{"self":[{"href":"https:\/\/diariodigitalmx.com\/index.php\/wp-json\/wp\/v2\/posts\/120492"}],"collection":[{"href":"https:\/\/diariodigitalmx.com\/index.php\/wp-json\/wp\/v2\/posts"}],"about":[{"href":"https:\/\/diariodigitalmx.com\/index.php\/wp-json\/wp\/v2\/types\/post"}],"author":[{"embeddable":true,"href":"https:\/\/diariodigitalmx.com\/index.php\/wp-json\/wp\/v2\/users\/1"}],"replies":[{"embeddable":true,"href":"https:\/\/diariodigitalmx.com\/index.php\/wp-json\/wp\/v2\/comments?post=120492"}],"version-history":[{"count":2,"href":"https:\/\/diariodigitalmx.com\/index.php\/wp-json\/wp\/v2\/posts\/120492\/revisions"}],"predecessor-version":[{"id":120499,"href":"https:\/\/diariodigitalmx.com\/index.php\/wp-json\/wp\/v2\/posts\/120492\/revisions\/120499"}],"wp:featuredmedia":[{"embeddable":true,"href":"https:\/\/diariodigitalmx.com\/index.php\/wp-json\/wp\/v2\/media\/120494"}],"wp:attachment":[{"href":"https:\/\/diariodigitalmx.com\/index.php\/wp-json\/wp\/v2\/media?parent=120492"}],"wp:term":[{"taxonomy":"category","embeddable":true,"href":"https:\/\/diariodigitalmx.com\/index.php\/wp-json\/wp\/v2\/categories?post=120492"},{"taxonomy":"post_tag","embeddable":true,"href":"https:\/\/diariodigitalmx.com\/index.php\/wp-json\/wp\/v2\/tags?post=120492"}],"curies":[{"name":"wp","href":"https:\/\/api.w.org\/{rel}","templated":true}]}}