{"id":120513,"date":"2024-06-11T00:12:44","date_gmt":"2024-06-11T05:12:44","guid":{"rendered":"https:\/\/diariodigitalmx.com\/?p=120513"},"modified":"2024-06-11T00:14:14","modified_gmt":"2024-06-11T05:14:14","slug":"reclaman-justicia-y-celebran-triunfo-de-sheinbaum","status":"publish","type":"post","link":"https:\/\/diariodigitalmx.com\/index.php\/2024\/06\/11\/reclaman-justicia-y-celebran-triunfo-de-sheinbaum\/","title":{"rendered":"Reclaman justicia y celebran triunfo de Sheinbaum"},"content":{"rendered":"\n<p>Al cumplirse 53 a\u00f1os de la matanza estudiantil del 10 de junio de 1971, contingentes del Partido del Trabajo y del Frente Popular \u201cTierra y Libertad\u201d reclamaron justicia y celebraron el triunfo arrollador de Claudia Sheinbaum a la Presidencia de M\u00e9xico.<\/p>\n\n\n\n<p>\u201cNuestras organizaciones han marchado exigiendo castigo a los responsables del crimen que no ha logrado desenmara\u00f1arse\u201d, dijo la maestra Lupita Rodr\u00edguez Mart\u00ednez desde las escalinatas del Palacio de Gobierno del Estado.<\/p>\n\n\n\n<figure class=\"wp-block-image size-full\"><img loading=\"lazy\" decoding=\"async\" width=\"943\" height=\"656\" src=\"https:\/\/diariodigitalmx.com\/wp-content\/uploads\/2024\/06\/IMG-20240610-WA0104.jpg\" alt=\"\" class=\"wp-image-120516\" srcset=\"https:\/\/diariodigitalmx.com\/wp-content\/uploads\/2024\/06\/IMG-20240610-WA0104.jpg 943w, https:\/\/diariodigitalmx.com\/wp-content\/uploads\/2024\/06\/IMG-20240610-WA0104-300x209.jpg 300w, https:\/\/diariodigitalmx.com\/wp-content\/uploads\/2024\/06\/IMG-20240610-WA0104-768x534.jpg 768w\" sizes=\"(max-width: 943px) 100vw, 943px\" \/><\/figure>\n\n\n\n<p>La dirigente del PT y del FPTyL se\u00f1al\u00f3 que mientras no haya justicia seguir\u00e1n saliendo a marchar.<\/p>\n\n\n\n<p>\u201cNo es posible que esta masacre siga impune\u201d, declar\u00f3 ante m\u00e1s de tres mil asistentes a la Macroplaza, tras marchar desde la Plaza Colegio Civil.<\/p>\n\n\n\n<p>Su \u00fanico delito, asever\u00f3, fue apoyar la lucha por la autonom\u00eda de la Universidad de Nuevo Le\u00f3n y las causas democr\u00e1ticas del pueblo de M\u00e9xico.<\/p>\n\n\n\n<figure class=\"wp-block-image size-large\"><img loading=\"lazy\" decoding=\"async\" width=\"1024\" height=\"768\" src=\"https:\/\/diariodigitalmx.com\/wp-content\/uploads\/2024\/06\/IMG-20240610-WA0107-1024x768.jpg\" alt=\"\" class=\"wp-image-120519\" srcset=\"https:\/\/diariodigitalmx.com\/wp-content\/uploads\/2024\/06\/IMG-20240610-WA0107-1024x768.jpg 1024w, https:\/\/diariodigitalmx.com\/wp-content\/uploads\/2024\/06\/IMG-20240610-WA0107-300x225.jpg 300w, https:\/\/diariodigitalmx.com\/wp-content\/uploads\/2024\/06\/IMG-20240610-WA0107-768x576.jpg 768w, https:\/\/diariodigitalmx.com\/wp-content\/uploads\/2024\/06\/IMG-20240610-WA0107.jpg 1280w\" sizes=\"(max-width: 1024px) 100vw, 1024px\" \/><\/figure>\n\n\n\n<p>Por su parte, Alberto Anaya Guti\u00e9rrez, dirigente nacional del PT, record\u00f3 que la causa de los estudiantes sali\u00f3 adelante, pero tuvo un costo sangriento por la represi\u00f3n ordenada por el presidente Luis Echeverr\u00eda \u00c1lvarez y el regente de la Ciudad de M\u00e9xico, Alfonso Mart\u00ednez Dom\u00ednguez.<\/p>\n\n\n\n<p>Refiri\u00f3 que polic\u00edas militares disfrazados de civil, denominados Los Halcones, perpetraron el asesinato de estudiantes que defend\u00edan la autonom\u00eda universitaria y su derecho de entrar a estudiar y no ser rechazados.<\/p>\n\n\n\n<p>Por otra parte, inform\u00f3 que el PT gan\u00f3 la Presidencia de la Rep\u00fablica con Claudia Sheinbaum y las tres cuartas partes de la C\u00e1mara de Diputados y de Senadores, as\u00ed como 8 de 9 gubernaturas.<\/p>\n\n\n\n<p>&#8220;En Nuevo Le\u00f3n se gan\u00f3 por mayor\u00eda el Senado y 8 de 14 distritos federales. Con orgullo les decimos que 3 de esas 8 diputaciones son ganadas por el Partido del Trabajo\u201d, coment\u00f3.<\/p>\n\n\n\n<p>Dijo que el triunfo arrollador de Claudia Sheinbaum permitir\u00e1 que el pr\u00f3ximo gobierno siga siendo de izquierda y contin\u00fae adelante la 4T que impulsa el presidente AMLO.<\/p>\n","protected":false},"excerpt":{"rendered":"<p>Al cumplirse 53 a\u00f1os de la matanza estudiantil del 10 de junio de 1971, contingentes del Partido del Trabajo y del Frente Popular \u201cTierra y Libertad\u201d reclamaron justicia y celebraron el triunfo arrollador de Claudia Sheinbaum a la Presidencia de M\u00e9xico. \u201cNuestras organizaciones han marchado exigiendo castigo a los responsables del crimen que no ha [&hellip;]<\/p>\n","protected":false},"author":1,"featured_media":120515,"comment_status":"open","ping_status":"open","sticky":true,"template":"","format":"standard","meta":{"footnotes":""},"categories":[14,6],"tags":[],"_links":{"self":[{"href":"https:\/\/diariodigitalmx.com\/index.php\/wp-json\/wp\/v2\/posts\/120513"}],"collection":[{"href":"https:\/\/diariodigitalmx.com\/index.php\/wp-json\/wp\/v2\/posts"}],"about":[{"href":"https:\/\/diariodigitalmx.com\/index.php\/wp-json\/wp\/v2\/types\/post"}],"author":[{"embeddable":true,"href":"https:\/\/diariodigitalmx.com\/index.php\/wp-json\/wp\/v2\/users\/1"}],"replies":[{"embeddable":true,"href":"https:\/\/diariodigitalmx.com\/index.php\/wp-json\/wp\/v2\/comments?post=120513"}],"version-history":[{"count":3,"href":"https:\/\/diariodigitalmx.com\/index.php\/wp-json\/wp\/v2\/posts\/120513\/revisions"}],"predecessor-version":[{"id":120520,"href":"https:\/\/diariodigitalmx.com\/index.php\/wp-json\/wp\/v2\/posts\/120513\/revisions\/120520"}],"wp:featuredmedia":[{"embeddable":true,"href":"https:\/\/diariodigitalmx.com\/index.php\/wp-json\/wp\/v2\/media\/120515"}],"wp:attachment":[{"href":"https:\/\/diariodigitalmx.com\/index.php\/wp-json\/wp\/v2\/media?parent=120513"}],"wp:term":[{"taxonomy":"category","embeddable":true,"href":"https:\/\/diariodigitalmx.com\/index.php\/wp-json\/wp\/v2\/categories?post=120513"},{"taxonomy":"post_tag","embeddable":true,"href":"https:\/\/diariodigitalmx.com\/index.php\/wp-json\/wp\/v2\/tags?post=120513"}],"curies":[{"name":"wp","href":"https:\/\/api.w.org\/{rel}","templated":true}]}}