{"id":120541,"date":"2024-06-11T21:53:18","date_gmt":"2024-06-12T02:53:18","guid":{"rendered":"https:\/\/diariodigitalmx.com\/?p=120541"},"modified":"2024-06-11T21:55:26","modified_gmt":"2024-06-12T02:55:26","slug":"estima-tamaulipas-derrama-economica-superior-a-los-3-mil-500-mdp-en-vacaciones-de-verano","status":"publish","type":"post","link":"https:\/\/diariodigitalmx.com\/index.php\/2024\/06\/11\/estima-tamaulipas-derrama-economica-superior-a-los-3-mil-500-mdp-en-vacaciones-de-verano\/","title":{"rendered":"Estima Tamaulipas derrama econ\u00f3mica superior a los 3 mil 500 mdp en vacaciones de verano"},"content":{"rendered":"\n<p>Ciudad Victoria, Tamaulipas.- Cada a\u00f1o, las riquezas naturales de Tamaulipas, la gran diversidad de sus espacios, as\u00ed como la atenci\u00f3n y calidez de su gente, incrementan el n\u00famero de visitantes locales, nacionales y extranjeros a los destinos tur\u00edsticos, inform\u00f3 Benjam\u00edn Hern\u00e1ndez Rodr\u00edguez, secretario de Turismo en el estado.<\/p>\n\n\n\n<p>Refiri\u00f3 que en este periodo vacacional se espera una derrama econ\u00f3mica superior a los 3 mil 500 millones de pesos y cerca de 4 millones de visitantes, locales, nacionales y extranjeros que han volteado a ver a Tamaulipas como un estado que lo tiene todo.<\/p>\n\n\n\n<figure class=\"wp-block-image size-large\"><img loading=\"lazy\" decoding=\"async\" width=\"1024\" height=\"768\" src=\"https:\/\/diariodigitalmx.com\/wp-content\/uploads\/2024\/06\/IMG-20240611-WA0091-1024x768.jpg\" alt=\"\" class=\"wp-image-120545\" srcset=\"https:\/\/diariodigitalmx.com\/wp-content\/uploads\/2024\/06\/IMG-20240611-WA0091-1024x768.jpg 1024w, https:\/\/diariodigitalmx.com\/wp-content\/uploads\/2024\/06\/IMG-20240611-WA0091-300x225.jpg 300w, https:\/\/diariodigitalmx.com\/wp-content\/uploads\/2024\/06\/IMG-20240611-WA0091-768x576.jpg 768w, https:\/\/diariodigitalmx.com\/wp-content\/uploads\/2024\/06\/IMG-20240611-WA0091-1536x1152.jpg 1536w, https:\/\/diariodigitalmx.com\/wp-content\/uploads\/2024\/06\/IMG-20240611-WA0091.jpg 1600w\" sizes=\"(max-width: 1024px) 100vw, 1024px\" \/><\/figure>\n\n\n\n<p>Se\u00f1al\u00f3: \u201cEsta cifra r\u00e9cord, tanto de visitantes como de derrama econ\u00f3mica, refleja el compromiso del gobernador Am\u00e9rico Villarreal Anaya y de los diversos sectores empresariales para seguir impulsando y fortaleciendo el desarrollo tur\u00edstico de la entidad\u201d.<\/p>\n\n\n\n<p>Record\u00f3 que, tras los efectos de la pandemia, se ha fortalecido el sector; tan solo el a\u00f1o pasado, Tamaulipas recibi\u00f3 a 3 millones 872 mil 014 turistas, lo que represent\u00f3 un incremento del 4.07 por ciento en comparaci\u00f3n con el a\u00f1o 2022.<\/p>\n\n\n\n<figure class=\"wp-block-image size-full\"><img loading=\"lazy\" decoding=\"async\" width=\"1024\" height=\"640\" src=\"https:\/\/diariodigitalmx.com\/wp-content\/uploads\/2024\/06\/IMG-20240611-WA0090.jpg\" alt=\"\" class=\"wp-image-120547\" srcset=\"https:\/\/diariodigitalmx.com\/wp-content\/uploads\/2024\/06\/IMG-20240611-WA0090.jpg 1024w, https:\/\/diariodigitalmx.com\/wp-content\/uploads\/2024\/06\/IMG-20240611-WA0090-300x188.jpg 300w, https:\/\/diariodigitalmx.com\/wp-content\/uploads\/2024\/06\/IMG-20240611-WA0090-768x480.jpg 768w\" sizes=\"(max-width: 1024px) 100vw, 1024px\" \/><\/figure>\n\n\n\n<p>\u201cEste logro hist\u00f3rico refleja el continuo crecimiento y diversificaci\u00f3n del turismo en nuestra regi\u00f3n, con una amplia gama de atractivos que van desde playas de ensue\u00f1o hasta ecoturismo, rutas gastron\u00f3micas y culturales, entre otras opciones m\u00e1s, con lo que Tamaulipas se est\u00e1 consolidando como uno de los destinos preferidos por los viajeros\u201d, expres\u00f3.<\/p>\n\n\n\n<figure class=\"wp-block-gallery has-nested-images columns-default is-cropped wp-block-gallery-1 is-layout-flex wp-block-gallery-is-layout-flex\">\n<figure class=\"wp-block-image size-large\"><img loading=\"lazy\" decoding=\"async\" width=\"1024\" height=\"576\" data-id=\"120550\" src=\"https:\/\/diariodigitalmx.com\/wp-content\/uploads\/2024\/06\/IMG-20240611-WA0089-1024x576.jpg\" alt=\"\" class=\"wp-image-120550\" srcset=\"https:\/\/diariodigitalmx.com\/wp-content\/uploads\/2024\/06\/IMG-20240611-WA0089-1024x576.jpg 1024w, https:\/\/diariodigitalmx.com\/wp-content\/uploads\/2024\/06\/IMG-20240611-WA0089-300x169.jpg 300w, https:\/\/diariodigitalmx.com\/wp-content\/uploads\/2024\/06\/IMG-20240611-WA0089-768x432.jpg 768w, https:\/\/diariodigitalmx.com\/wp-content\/uploads\/2024\/06\/IMG-20240611-WA0089-1536x864.jpg 1536w, https:\/\/diariodigitalmx.com\/wp-content\/uploads\/2024\/06\/IMG-20240611-WA0089.jpg 1600w\" sizes=\"(max-width: 1024px) 100vw, 1024px\" \/><\/figure>\n\n\n\n<figure class=\"wp-block-image size-large\"><img loading=\"lazy\" decoding=\"async\" width=\"960\" height=\"720\" data-id=\"120549\" src=\"https:\/\/diariodigitalmx.com\/wp-content\/uploads\/2024\/06\/IMG-20240611-WA0087.jpg\" alt=\"\" class=\"wp-image-120549\" srcset=\"https:\/\/diariodigitalmx.com\/wp-content\/uploads\/2024\/06\/IMG-20240611-WA0087.jpg 960w, https:\/\/diariodigitalmx.com\/wp-content\/uploads\/2024\/06\/IMG-20240611-WA0087-300x225.jpg 300w, https:\/\/diariodigitalmx.com\/wp-content\/uploads\/2024\/06\/IMG-20240611-WA0087-768x576.jpg 768w\" sizes=\"(max-width: 960px) 100vw, 960px\" \/><\/figure>\n<\/figure>\n\n\n\n<p>Refiri\u00f3 que la joya de la corona, playa Miramar, sigue fortaleciendo su infraestructura, al lado de otros espacios como La Pesca en Soto la Marina y la bi\u00f3sfera El Cielo, entre otros sitios tur\u00edsticos m\u00e1s.<\/p>\n\n\n\n<p>Por \u00faltimo, destac\u00f3 que el gobernador Am\u00e9rico Villarreal est\u00e1 interesado en seguir fortaleciendo y mejorando los servicios que se ofrecen a quienes nos visitan, con mayor capacitaci\u00f3n y certificaci\u00f3n, as\u00ed como mejoras en infraestructura y mayor seguridad, lo que se traduce en un mayor n\u00famero de visitantes a Tamaulipas.<\/p>\n","protected":false},"excerpt":{"rendered":"<p>Ciudad Victoria, Tamaulipas.- Cada a\u00f1o, las riquezas naturales de Tamaulipas, la gran diversidad de sus espacios, as\u00ed como la atenci\u00f3n y calidez de su gente, incrementan el n\u00famero de visitantes locales, nacionales y extranjeros a los destinos tur\u00edsticos, inform\u00f3 Benjam\u00edn Hern\u00e1ndez Rodr\u00edguez, secretario de Turismo en el estado. Refiri\u00f3 que en este periodo vacacional se [&hellip;]<\/p>\n","protected":false},"author":1,"featured_media":120543,"comment_status":"open","ping_status":"open","sticky":true,"template":"","format":"standard","meta":{"footnotes":""},"categories":[3,19],"tags":[],"_links":{"self":[{"href":"https:\/\/diariodigitalmx.com\/index.php\/wp-json\/wp\/v2\/posts\/120541"}],"collection":[{"href":"https:\/\/diariodigitalmx.com\/index.php\/wp-json\/wp\/v2\/posts"}],"about":[{"href":"https:\/\/diariodigitalmx.com\/index.php\/wp-json\/wp\/v2\/types\/post"}],"author":[{"embeddable":true,"href":"https:\/\/diariodigitalmx.com\/index.php\/wp-json\/wp\/v2\/users\/1"}],"replies":[{"embeddable":true,"href":"https:\/\/diariodigitalmx.com\/index.php\/wp-json\/wp\/v2\/comments?post=120541"}],"version-history":[{"count":4,"href":"https:\/\/diariodigitalmx.com\/index.php\/wp-json\/wp\/v2\/posts\/120541\/revisions"}],"predecessor-version":[{"id":120551,"href":"https:\/\/diariodigitalmx.com\/index.php\/wp-json\/wp\/v2\/posts\/120541\/revisions\/120551"}],"wp:featuredmedia":[{"embeddable":true,"href":"https:\/\/diariodigitalmx.com\/index.php\/wp-json\/wp\/v2\/media\/120543"}],"wp:attachment":[{"href":"https:\/\/diariodigitalmx.com\/index.php\/wp-json\/wp\/v2\/media?parent=120541"}],"wp:term":[{"taxonomy":"category","embeddable":true,"href":"https:\/\/diariodigitalmx.com\/index.php\/wp-json\/wp\/v2\/categories?post=120541"},{"taxonomy":"post_tag","embeddable":true,"href":"https:\/\/diariodigitalmx.com\/index.php\/wp-json\/wp\/v2\/tags?post=120541"}],"curies":[{"name":"wp","href":"https:\/\/api.w.org\/{rel}","templated":true}]}}