{"id":120586,"date":"2024-06-12T18:29:25","date_gmt":"2024-06-12T23:29:25","guid":{"rendered":"https:\/\/diariodigitalmx.com\/?p=120586"},"modified":"2024-06-12T18:30:30","modified_gmt":"2024-06-12T23:30:30","slug":"el-futuro-del-pri","status":"publish","type":"post","link":"https:\/\/diariodigitalmx.com\/index.php\/2024\/06\/12\/el-futuro-del-pri\/","title":{"rendered":"El futuro del PRI"},"content":{"rendered":"\n<p>Pol\u00edtica y gente<\/p>\n\n\n\n<p>Por Pedro Garc\u00eda<\/p>\n\n\n\n<p>En Pol\u00edtica, nunca nadie est\u00e1 pol\u00edticamente muerto\u2026Sin embargo, vale especular sobre el futuro del PRI.<\/p>\n\n\n\n<p>\u00bfQu\u00e9 va a pasar con el PRI en el corto plazo?<\/p>\n\n\n\n<p>Puede ocurrir que la base militante retome el camino asumiendo valerosamente que hay vida, despu\u00e9s de \u201cAlito\u201d. Pero, \u00bflos priistas tendr\u00e1n el valor para defenestrar al inminente senador y quit\u00e1rselo de encima?<\/p>\n\n\n\n<p>Tambi\u00e9n ser\u00eda posible que una porci\u00f3n -adicional- se asimile en el PAN y otra secci\u00f3n, en MORENA y una m\u00e1s en Movimiento Ciudadano, el partido emergente por excelencia, o en el Verde.<\/p>\n\n\n\n<p>Si una mayor porci\u00f3n de lo que queda del Revolucionario Institucional decide emprender el gran regreso puede tomar la senda con algunos liderazgos vigentes en Nuevo Le\u00f3n y Coahuila.<\/p>\n\n\n\n<p>En NL con Adri\u00e1n de la Garza, como alcalde de Monterrey y Manolo, en calidad de gobernador en el vecino estado.<\/p>\n\n\n\n<p>Si el PRI decide la firma de una alianza duradera con el PAN, destinada a sacar de Morena del poder ser\u00eda una elecci\u00f3n conveniente en donde el priismo tendr\u00eda que subordinarse al panismo, servir de ap\u00e9ndice.<\/p>\n\n\n\n<p>En los a\u00f1os noventa del siglo pasado, en Nuevo Le\u00f3n lleg\u00f3 a decirse que el PRI se estaba empanizando y la especulaci\u00f3n se materializ\u00f3 con Salinas de Gortari cuando el panismo proclam\u00f3 a los cuatro vientos que el de Agualeguas gobernaba con el programa albiceleste.<\/p>\n\n\n\n<p>La alianza reciente con el PAN no fue algo extraordinario, pues, en el PRI hay una gran porci\u00f3n de conservadores, priistas de derecha. El salinismo fue el ariete que derrib\u00f3 las puertas del nacionalismo revolucionario que domin\u00f3 en el tricolor algunas d\u00e9cadas.<\/p>\n\n\n\n<p>Entre tanto, tambi\u00e9n vale preguntarse si el PRI tiene la suficiente fuerza para resistir y no caer m\u00e1s en las preferencias, tipo PRD. Es decir, evitar el colapso total, la p\u00e9rdida del registro nacional.<\/p>\n\n\n\n<p>Una cuesti\u00f3n de fondo en la supervivencia del priismo es la oferta del futuro. \u00bfQu\u00e9 va a proponer al electorado? o \u00bfes que ya todo est\u00e1 escrito?<\/p>\n\n\n\n<p>Por ahora no hay voces audaces que pretendan la reinvenci\u00f3n del partido, de cu\u00e1l ser\u00eda la rendija para salir del laberinto. No se advierte una tercera v\u00eda distinta a asimilarse en el PAN como una fuerza conservadora, absolutamente definida o evitar el adosarse a las listas de la militancia de Morena.<\/p>\n","protected":false},"excerpt":{"rendered":"<p>Pol\u00edtica y gente Por Pedro Garc\u00eda En Pol\u00edtica, nunca nadie est\u00e1 pol\u00edticamente muerto\u2026Sin embargo, vale especular sobre el futuro del PRI. \u00bfQu\u00e9 va a pasar con el PRI en el corto plazo? Puede ocurrir que la base militante retome el camino asumiendo valerosamente que hay vida, despu\u00e9s de \u201cAlito\u201d. Pero, \u00bflos priistas tendr\u00e1n el valor [&hellip;]<\/p>\n","protected":false},"author":1,"featured_media":120588,"comment_status":"open","ping_status":"open","sticky":true,"template":"","format":"standard","meta":{"footnotes":""},"categories":[14,12],"tags":[],"_links":{"self":[{"href":"https:\/\/diariodigitalmx.com\/index.php\/wp-json\/wp\/v2\/posts\/120586"}],"collection":[{"href":"https:\/\/diariodigitalmx.com\/index.php\/wp-json\/wp\/v2\/posts"}],"about":[{"href":"https:\/\/diariodigitalmx.com\/index.php\/wp-json\/wp\/v2\/types\/post"}],"author":[{"embeddable":true,"href":"https:\/\/diariodigitalmx.com\/index.php\/wp-json\/wp\/v2\/users\/1"}],"replies":[{"embeddable":true,"href":"https:\/\/diariodigitalmx.com\/index.php\/wp-json\/wp\/v2\/comments?post=120586"}],"version-history":[{"count":1,"href":"https:\/\/diariodigitalmx.com\/index.php\/wp-json\/wp\/v2\/posts\/120586\/revisions"}],"predecessor-version":[{"id":120587,"href":"https:\/\/diariodigitalmx.com\/index.php\/wp-json\/wp\/v2\/posts\/120586\/revisions\/120587"}],"wp:featuredmedia":[{"embeddable":true,"href":"https:\/\/diariodigitalmx.com\/index.php\/wp-json\/wp\/v2\/media\/120588"}],"wp:attachment":[{"href":"https:\/\/diariodigitalmx.com\/index.php\/wp-json\/wp\/v2\/media?parent=120586"}],"wp:term":[{"taxonomy":"category","embeddable":true,"href":"https:\/\/diariodigitalmx.com\/index.php\/wp-json\/wp\/v2\/categories?post=120586"},{"taxonomy":"post_tag","embeddable":true,"href":"https:\/\/diariodigitalmx.com\/index.php\/wp-json\/wp\/v2\/tags?post=120586"}],"curies":[{"name":"wp","href":"https:\/\/api.w.org\/{rel}","templated":true}]}}